{"id":583,"count":1,"description":"","link":"https:\/\/partedepesca.com.ar\/d\/tag\/dimension-biologica-y-ecologica\/","name":"DIMENSI\u00d3N BIOL\u00d3GICA Y ECOL\u00d3GICA","slug":"dimension-biologica-y-ecologica","taxonomy":"post_tag","meta":[],"_links":{"self":[{"href":"https:\/\/partedepesca.com.ar\/d\/wp-json\/wp\/v2\/tags\/583","targetHints":{"allow":["GET"]}}],"collection":[{"href":"https:\/\/partedepesca.com.ar\/d\/wp-json\/wp\/v2\/tags"}],"about":[{"href":"https:\/\/partedepesca.com.ar\/d\/wp-json\/wp\/v2\/taxonomies\/post_tag"}],"wp:post_type":[{"href":"https:\/\/partedepesca.com.ar\/d\/wp-json\/wp\/v2\/posts?tags=583"}],"curies":[{"name":"wp","href":"https:\/\/api.w.org\/{rel}","templated":true}]}}