{"id":9742,"date":"2024-09-24T09:50:43","date_gmt":"2024-09-24T09:50:43","guid":{"rendered":"https:\/\/partedepesca.com.ar\/d\/?p=9742"},"modified":"2024-09-26T10:04:33","modified_gmt":"2024-09-26T10:04:33","slug":"se-demora-el-proyecto-de-ley-de-emergencia-pesquera-en-chubut","status":"publish","type":"post","link":"https:\/\/partedepesca.com.ar\/d\/se-demora-el-proyecto-de-ley-de-emergencia-pesquera-en-chubut\/","title":{"rendered":"Se demora el proyecto de ley de emergencia pesquera en Chubut"},"content":{"rendered":"\n<p>Transcurrieron casi dos meses desde que el Secretario de Pesca de Chubut, <strong>Andr\u00e9s Arbeletche<\/strong>, anunci\u00f3 al arco pesquero provincial que elevar\u00edan a la Legislatura un proyecto de ley para declarar la <strong>emergencia pesquera<\/strong>.<\/p>\n\n\n\n<p>A principios de agosto, el Gobierno del Chubut, que encabeza <strong>Ignacio Torres<\/strong>, dio a conocer la decisi\u00f3n pol\u00edtica de elevar a la C\u00e1mara de Diputados un proyecto de ley para declarar la emergencia pesquera, <strong>cuyo eje central ser\u00eda la instrumentaci\u00f3n de diversas medidas de alivio fiscal para aquellas empresas del sector que se comprometan a mantener los puestos de trabajo<\/strong>.<\/p>\n\n\n\n<p>Aquel anunci\u00f3 se realiz\u00f3 en el marco de una cumbre que cont\u00f3 con la participaci\u00f3n del propio secretario de Pesca, Andr\u00e9s Arbeletche; el secretario de Trabajo, Nicol\u00e1s Z\u00e1rate; representantes de la C\u00e1maras Argentina Patag\u00f3nica de Industrias Pesqueras (CAPIP) y de Flota Amarilla de Chubut (CAFACH), la Asociaci\u00f3n de Pescadores Artesanales de Rawson (APARCH) y la C\u00e1mara Pesquera del Golfo San Jorge; como as\u00ed tambi\u00e9n integrantes de los gremios STIA, SICONARA, SOMU, Asociaci\u00f3n de Capitanes y el Centro de Patrones.<\/p>\n\n\n\n<p>En el sector gener\u00f3 expectativas, toda vez que era una medida que se ven\u00eda solicitando desde hace al menos dos a\u00f1os, cuando las diferentes variables de la macroeconom\u00eda comenzaron a esquilmar la competitividad de la industria pesquera.<\/p>\n\n\n\n<p>La emergencia provincial no ser\u00e1 la soluci\u00f3n, pero resulta un gesto de reconocimiento de la situaci\u00f3n de crisis que tiene la actividad, donde los elevados costos, entre ellos los salariales, han trastocado la ecuaci\u00f3n del s\u00e9ptimo complejo exportador de Argentina, y el tercer sector exportador de Chubut.<\/p>\n\n\n\n<p>La l\u00f3gica es que ese \u2018paquete\u2019 de medidas de alivio fiscal que impulsa el Gobierno de Chubut entre en vigencia en la inminente temporada de langostino que deber\u00eda estar comenzando a fines de octubre. En rigor, hasta el momento no ha sido elevado el proyecto por parte del Poder Ejecutivo a la Legislatura.<\/p>\n\n\n\n<p>La condici\u00f3n para acceder al r\u00e9gimen de beneficios impositivos, por parte de las empresas pesqueras, ser\u00eda que garanticen la preservaci\u00f3n de los puestos de empleo. La Emergencia Pesquera ser\u00eda por el t\u00e9rmino de un a\u00f1o, prorrogable en base a las variables que fundamentan su dictado.<\/p>\n\n\n\n<p>La ley tendr\u00eda como base dos ejes, uno que las empresas que mantengan los puestos de trabajo van a poder acceder a beneficios fiscales, es decir, el Gobierno hace un esfuerzo para apoyar a las fuentes de empleo y tambi\u00e9n los sindicatos ven garantizados los puestos de trabajo que hoy tiene el sector.<\/p>\n\n\n\n<p>El secretario de Pesca, Andr\u00e9s Arbeletche, ya tendr\u00eda definido los t\u00e9rminos de la Ley de Emergencia Pesquera y podr\u00eda elevarla en los pr\u00f3ximos d\u00edas, o a su regreso de Espa\u00f1a, tras su participaci\u00f3n de la feria Conxemar en Vigo donde acompa\u00f1ar\u00e1 al sector.<\/p>\n","protected":false},"excerpt":{"rendered":"<p>Transcurrieron casi dos meses desde que el Secretario de Pesca de Chubut, Andr\u00e9s Arbeletche, anunci\u00f3 al arco pesquero provincial que elevar\u00edan a la Legislatura un proyecto de ley para declarar la emergencia pesquera. A principios de agosto, el Gobierno del Chubut, que encabeza Ignacio Torres, dio a conocer la decisi\u00f3n pol\u00edtica de elevar a la<\/p>\n","protected":false},"author":3,"featured_media":9743,"comment_status":"open","ping_status":"open","sticky":false,"template":"","format":"standard","meta":{"om_disable_all_campaigns":false,"_monsterinsights_skip_tracking":false,"_monsterinsights_sitenote_active":false,"_monsterinsights_sitenote_note":"","_monsterinsights_sitenote_category":0,"footnotes":""},"categories":[9],"tags":[420,154,246,91,235,1684,1543],"class_list":{"0":"post-9742","1":"post","2":"type-post","3":"status-publish","4":"format-standard","5":"has-post-thumbnail","7":"category-actualidad","8":"tag-andres-arbeletche","9":"tag-chubut","10":"tag-emergencia-pesquera","11":"tag-featured","12":"tag-ignacio-torres","13":"tag-legislatura-de-chubut","14":"tag-ley-de-emergencia-pesquera"},"aioseo_notices":[],"amp_enabled":true,"_links":{"self":[{"href":"https:\/\/partedepesca.com.ar\/d\/wp-json\/wp\/v2\/posts\/9742","targetHints":{"allow":["GET"]}}],"collection":[{"href":"https:\/\/partedepesca.com.ar\/d\/wp-json\/wp\/v2\/posts"}],"about":[{"href":"https:\/\/partedepesca.com.ar\/d\/wp-json\/wp\/v2\/types\/post"}],"author":[{"embeddable":true,"href":"https:\/\/partedepesca.com.ar\/d\/wp-json\/wp\/v2\/users\/3"}],"replies":[{"embeddable":true,"href":"https:\/\/partedepesca.com.ar\/d\/wp-json\/wp\/v2\/comments?post=9742"}],"version-history":[{"count":1,"href":"https:\/\/partedepesca.com.ar\/d\/wp-json\/wp\/v2\/posts\/9742\/revisions"}],"predecessor-version":[{"id":9744,"href":"https:\/\/partedepesca.com.ar\/d\/wp-json\/wp\/v2\/posts\/9742\/revisions\/9744"}],"wp:featuredmedia":[{"embeddable":true,"href":"https:\/\/partedepesca.com.ar\/d\/wp-json\/wp\/v2\/media\/9743"}],"wp:attachment":[{"href":"https:\/\/partedepesca.com.ar\/d\/wp-json\/wp\/v2\/media?parent=9742"}],"wp:term":[{"taxonomy":"category","embeddable":true,"href":"https:\/\/partedepesca.com.ar\/d\/wp-json\/wp\/v2\/categories?post=9742"},{"taxonomy":"post_tag","embeddable":true,"href":"https:\/\/partedepesca.com.ar\/d\/wp-json\/wp\/v2\/tags?post=9742"}],"curies":[{"name":"wp","href":"https:\/\/api.w.org\/{rel}","templated":true}]}}