{"id":9667,"date":"2024-09-13T16:38:41","date_gmt":"2024-09-13T16:38:41","guid":{"rendered":"https:\/\/partedepesca.com.ar\/d\/?p=9667"},"modified":"2024-09-16T13:24:54","modified_gmt":"2024-09-16T13:24:54","slug":"madryn-protagonizo-el-primer-bloqueo-sindical-pero-no-funciono-el-protocolo-bullrich","status":"publish","type":"post","link":"https:\/\/partedepesca.com.ar\/d\/madryn-protagonizo-el-primer-bloqueo-sindical-pero-no-funciono-el-protocolo-bullrich\/","title":{"rendered":"Madryn protagoniz\u00f3 el primer bloqueo sindical, pero no funcion\u00f3 el &#8216;protocolo Bullrich&#8217;"},"content":{"rendered":"\n<p>El <strong>Sindicato de Trabajadores de Industrias de la Alimentaci\u00f3n (STIA) <\/strong>provoc\u00f3 un bloqueo en la planta de una pesquera <strong>Fuertes Vientos S.A.<\/strong>, ubicada en la calle <strong>Per\u00fa 1086<\/strong> en el parque industrial liviano de <strong>Puerto Madryn<\/strong>; la empresa denunci\u00f3 el hecho ante el Ministerio de Seguridad de Patricia Bullrich, pero <strong>no se activ\u00f3 el protocolo antibloqueo que entr\u00f3 en vigencia esta semana<\/strong>.<\/p>\n\n\n\n<p>\u201cUn grupo de despedidos de la pesquera Fuertes Vientos, m\u00e1s tercerizados con quienes la empresa no est\u00e1 obligada, junto con fuerza de choque del STIA, se apost\u00f3 este mi\u00e9rcoles en el port\u00f3n de ingreso la planta de la firma Fuertes Vientos. All\u00ed, el grupo sindical prendi\u00f3 fuego neum\u00e1ticos en reclamo de pago de haberes\u201d, relata una fuente al tiempo de indicar que posteriormente <strong>\u201cla empresa realiz\u00f3 la denuncia policial correspondiente, as\u00ed como el pedido de intervenci\u00f3n de la Secretar\u00eda de Trabajo, sin conseguir intermediaci\u00f3n efectiva\u201d, <\/strong>advirtieron desde la firma.<\/p>\n\n\n\n<p class=\"has-vivid-cyan-blue-color has-text-color has-link-color wp-elements-cfcd6e64e9ad5eaebed82552faead0c9\"><strong>SIN RESPUESTA<\/strong><\/p>\n\n\n\n<p>Teniendo en cuenta que la medida de reclamo incluy\u00f3 el bloqueo del port\u00f3n de acceso y egreso, impidiendo el normal tr\u00e1nsito del personal dependiente y de los rodados con materia prima, se hizo la denuncia ante el Ministerio de Seguridad de la Naci\u00f3n, conforme flamante &#8220;Protocolo de actuaci\u00f3n frente a bloqueos&#8221; dispuesto por Resoluci\u00f3n N\u00ba 901\/2024.<\/p>\n\n\n\n<p>\u201cSi bien se dio aviso telef\u00f3nico al 134, al WhatsApp 1138524561 y por correo electr\u00f3nico a la direcci\u00f3n bloqueos@minseg.gob.ar, como dispone el Art\u00edculo 2\u00ba de dicha Resoluci\u00f3n, ninguna respuesta hubo de las fuerzas policiales\u201d, se\u00f1alan desde la empresa.<\/p>\n\n\n<div class=\"wp-block-image\">\n<figure class=\"aligncenter size-full\"><a href=\"https:\/\/partedepesca.com.ar\/d\/wp-content\/uploads\/2024\/09\/planta-fuertes-vientos.jpg\"><img fetchpriority=\"high\" decoding=\"async\" width=\"500\" height=\"548\" src=\"https:\/\/partedepesca.com.ar\/d\/wp-content\/uploads\/2024\/09\/planta-fuertes-vientos.jpg\" alt=\"\" class=\"wp-image-9661\" srcset=\"https:\/\/partedepesca.com.ar\/d\/wp-content\/uploads\/2024\/09\/planta-fuertes-vientos.jpg 500w, https:\/\/partedepesca.com.ar\/d\/wp-content\/uploads\/2024\/09\/planta-fuertes-vientos-274x300.jpg 274w, https:\/\/partedepesca.com.ar\/d\/wp-content\/uploads\/2024\/09\/planta-fuertes-vientos-150x164.jpg 150w, https:\/\/partedepesca.com.ar\/d\/wp-content\/uploads\/2024\/09\/planta-fuertes-vientos-450x493.jpg 450w\" sizes=\"(max-width: 500px) 100vw, 500px\" \/><\/a><\/figure>\n<\/div>\n\n\n<p><strong>No hubo respuesta del ministerio de Bullrich, no se activ\u00f3 el mentado protocolo. Y a nivel provincial tampoco hubo pronunciamiento del Gobierno Provincial, ni de las c\u00e1maras empresariales del sector.<\/strong><\/p>\n\n\n\n<p class=\"has-vivid-cyan-blue-color has-text-color has-link-color wp-elements-4776e41c8602b266584bb1219d08b104\"><strong>PROTOCOLO VIGENTE<\/strong><\/p>\n\n\n\n<p>Esta semana se public\u00f3 en el Bolet\u00edn Oficial de la Rep\u00fablica Argentina la Resoluci\u00f3n 901\/2024 del Ministerio de Seguridad de la Naci\u00f3n, por medio de la cual se establece un &#8220;Protocolo de actuaci\u00f3n frente a bloqueos&#8221;.<\/p>\n\n\n\n<p>A trav\u00e9s de su art\u00edculo 1, dispone que se entender\u00e1 por bloqueo &#8220;a las maniobras, dispositivos, vallados u obst\u00e1culos, de cualquier naturaleza, que impidan, dificulten o amenacen, de forma actual o inminente, el ingreso o egreso de personas, veh\u00edculos o mercader\u00edas en un establecimiento productivo o de servicios en cualquier lugar del territorio nacional&#8221;.<\/p>\n\n\n\n<figure class=\"wp-block-image size-large\"><a href=\"https:\/\/partedepesca.com.ar\/d\/wp-content\/uploads\/2024\/09\/bloqueo-planta-fuertes-vientos-scaled.jpeg\"><img decoding=\"async\" width=\"1014\" height=\"1024\" src=\"https:\/\/partedepesca.com.ar\/d\/wp-content\/uploads\/2024\/09\/bloqueo-planta-fuertes-vientos-1014x1024.jpeg\" alt=\"\" class=\"wp-image-9662\" srcset=\"https:\/\/partedepesca.com.ar\/d\/wp-content\/uploads\/2024\/09\/bloqueo-planta-fuertes-vientos-1014x1024.jpeg 1014w, https:\/\/partedepesca.com.ar\/d\/wp-content\/uploads\/2024\/09\/bloqueo-planta-fuertes-vientos-297x300.jpeg 297w, https:\/\/partedepesca.com.ar\/d\/wp-content\/uploads\/2024\/09\/bloqueo-planta-fuertes-vientos-150x152.jpeg 150w, https:\/\/partedepesca.com.ar\/d\/wp-content\/uploads\/2024\/09\/bloqueo-planta-fuertes-vientos-768x776.jpeg 768w, https:\/\/partedepesca.com.ar\/d\/wp-content\/uploads\/2024\/09\/bloqueo-planta-fuertes-vientos-1520x1536.jpeg 1520w, https:\/\/partedepesca.com.ar\/d\/wp-content\/uploads\/2024\/09\/bloqueo-planta-fuertes-vientos-2027x2048.jpeg 2027w, https:\/\/partedepesca.com.ar\/d\/wp-content\/uploads\/2024\/09\/bloqueo-planta-fuertes-vientos-450x455.jpeg 450w, https:\/\/partedepesca.com.ar\/d\/wp-content\/uploads\/2024\/09\/bloqueo-planta-fuertes-vientos-1200x1212.jpeg 1200w\" sizes=\"(max-width: 1014px) 100vw, 1014px\" \/><\/a><\/figure>\n\n\n\n<p>De tal forma, ante un bloqueo sindical o laboral, el abogado Jos\u00e9 Ignacio Bellorini aconseja sumar esta nueva herramienta a las que ya se aplicaban hasta la fecha, en forma inmediata, escalonada y acumulativa, con los siguientes elementos:<\/p>\n\n\n\n<ul class=\"wp-block-list\">\n<li>Denuncia telef\u00f3nica ante la Comisar\u00eda policial local. Se debe dejar adem\u00e1s denuncia en forma presencial ante la misma Comisar\u00eda.<\/li>\n<\/ul>\n\n\n\n<ul class=\"wp-block-list\">\n<li>Denuncia formal papel ante la Secretar\u00eda de Trabajo local.<\/li>\n<\/ul>\n\n\n\n<ul class=\"wp-block-list\">\n<li>Constataci\u00f3n notarial.<\/li>\n<\/ul>\n\n\n\n<ul class=\"wp-block-list\">\n<li>Denuncia al Ministerio de Seguridad Naci\u00f3n v\u00eda telef\u00f3nica al n\u00famero 134 y\/o por WhatsApp al n\u00famero 1138524561 y por correo electr\u00f3nico a casilla <a href=\"mailto:bloqueos@minseg.gob.ar\">bloqueos@minseg.gob.ar<\/a>.<\/li>\n<\/ul>\n\n\n\n<p>Bellorini recuerda que la Ley Bases modific\u00f3 el art\u00edculo 242 de la Ley de Contrato de Trabajo e incluy\u00f3 expresamente la posibilidad que el empleador despida con causa al empleado que participe en forma activa en bloqueos o tomas de establecimiento.<\/p>\n\n\n\n<p>En ese sentido, la Resoluci\u00f3n del Protocolo antibloqueos dispone en el Art\u00edculo 6 que las fuerzas policiales y de seguridad federales identificar\u00e1n a los responsables y participantes del bloqueo, a fin de su inmediata remisi\u00f3n al Ministerio P\u00fablico Fiscal.<\/p>\n\n\n\n<p>Y, a trav\u00e9s del Art\u00edculo 5, establece que se comunicar\u00e1 de manera inmediata la informaci\u00f3n a la Secretar\u00eda de Trabajo y a las personas f\u00edsicas o jur\u00eddicas afectadas, a fin de que puedan proceder de acuerdo con lo previsto-justamente en el art\u00edculo 242 de la Ley de Contrato de Trabajo.<\/p>\n\n\n\n<p>Sin embargo, ante el primer bloqueo laboral tras la aprobaci\u00f3n de la reforma laboral de la Ley Bases y el nuevo Protocolo anti bloqueos del Ministerio de Seguridad, la empresa no logr\u00f3 que esto se aplicara.<\/p>\n","protected":false},"excerpt":{"rendered":"<p>El Sindicato de Trabajadores de Industrias de la Alimentaci\u00f3n (STIA) provoc\u00f3 un bloqueo en la planta de una pesquera Fuertes Vientos S.A., ubicada en la calle Per\u00fa 1086 en el parque industrial liviano de Puerto Madryn; la empresa denunci\u00f3 el hecho ante el Ministerio de Seguridad de Patricia Bullrich, pero no se activ\u00f3 el protocolo<\/p>\n","protected":false},"author":3,"featured_media":9662,"comment_status":"open","ping_status":"open","sticky":false,"template":"","format":"standard","meta":{"om_disable_all_campaigns":false,"_monsterinsights_skip_tracking":false,"_monsterinsights_sitenote_active":false,"_monsterinsights_sitenote_note":"","_monsterinsights_sitenote_category":0,"footnotes":""},"categories":[9],"tags":[91,1654,802,904,1644,441],"class_list":{"0":"post-9667","1":"post","2":"type-post","3":"status-publish","4":"format-standard","5":"has-post-thumbnail","7":"category-actualidad","8":"tag-featured","9":"tag-fuertes-vientos-s-a","10":"tag-patricia-bullrich","11":"tag-protesta-sindical","12":"tag-protocolo-antiloqueo","13":"tag-stia"},"aioseo_notices":[],"amp_enabled":true,"_links":{"self":[{"href":"https:\/\/partedepesca.com.ar\/d\/wp-json\/wp\/v2\/posts\/9667","targetHints":{"allow":["GET"]}}],"collection":[{"href":"https:\/\/partedepesca.com.ar\/d\/wp-json\/wp\/v2\/posts"}],"about":[{"href":"https:\/\/partedepesca.com.ar\/d\/wp-json\/wp\/v2\/types\/post"}],"author":[{"embeddable":true,"href":"https:\/\/partedepesca.com.ar\/d\/wp-json\/wp\/v2\/users\/3"}],"replies":[{"embeddable":true,"href":"https:\/\/partedepesca.com.ar\/d\/wp-json\/wp\/v2\/comments?post=9667"}],"version-history":[{"count":2,"href":"https:\/\/partedepesca.com.ar\/d\/wp-json\/wp\/v2\/posts\/9667\/revisions"}],"predecessor-version":[{"id":9669,"href":"https:\/\/partedepesca.com.ar\/d\/wp-json\/wp\/v2\/posts\/9667\/revisions\/9669"}],"wp:featuredmedia":[{"embeddable":true,"href":"https:\/\/partedepesca.com.ar\/d\/wp-json\/wp\/v2\/media\/9662"}],"wp:attachment":[{"href":"https:\/\/partedepesca.com.ar\/d\/wp-json\/wp\/v2\/media?parent=9667"}],"wp:term":[{"taxonomy":"category","embeddable":true,"href":"https:\/\/partedepesca.com.ar\/d\/wp-json\/wp\/v2\/categories?post=9667"},{"taxonomy":"post_tag","embeddable":true,"href":"https:\/\/partedepesca.com.ar\/d\/wp-json\/wp\/v2\/tags?post=9667"}],"curies":[{"name":"wp","href":"https:\/\/api.w.org\/{rel}","templated":true}]}}