{"id":9532,"date":"2024-08-29T03:03:00","date_gmt":"2024-08-29T03:03:00","guid":{"rendered":"https:\/\/partedepesca.com.ar\/d\/?p=9532"},"modified":"2024-08-30T09:25:15","modified_gmt":"2024-08-30T09:25:15","slug":"a-30-anos-de-la-reforma-constitucional-debatieron-sobre-desafios-ambientales","status":"publish","type":"post","link":"https:\/\/partedepesca.com.ar\/d\/a-30-anos-de-la-reforma-constitucional-debatieron-sobre-desafios-ambientales\/","title":{"rendered":"A 30 a\u00f1os de la reforma constitucional debatieron sobre desaf\u00edos ambientales"},"content":{"rendered":"\n<p>El sector pesquero particip\u00f3 del debate sobre los desaf\u00edos ambientales a 30 a\u00f1os de la reforma constitucional que se llev\u00f3 a cabo esta semana en el Senado de la Naci\u00f3n. Invitados por la senadora Edith Terenzi, presidente de la Comisi\u00f3n de Ambiente asistieron representantes de la C\u00e1mara Argentina Patag\u00f3nica de Industrias Pesqueras (CAPIP), la C\u00e1mara de Armadores de Pesqueros y Congeladores de la Argentina (CAPeCA) y la C\u00e1mara de Armadores de Poteros Argentinos (CAPA).<\/p>\n\n\n\n<p>Con la presencia de legisladores, representantes de organizaciones no gubernamentales, empresas y c\u00e1maras industriales, el C\u00edrculo de Pol\u00edticas Ambientales (CPA) present\u00f3 este martes el sexto informe de la <strong>Agenda Ambiental Legislativa (2024)<\/strong>, con una edici\u00f3n especial dedicada a los 30 a\u00f1os de la reforma constitucional de 1994.<\/p>\n\n\n\n<p>El evento, realizado en el \u00e1mbito de la Comisi\u00f3n de Ambiente y Desarrollo Sustentable del Senado de la Naci\u00f3n, fue convocado por la senadora Edith Terenzi, quien estuvo acompa\u00f1ada por los diputados Maximiliano Ferraro y Margarita Stolbizer, el constitucionalista Daniel Sabsay, y Mar\u00eda Eugenia Testa, directora del CPA.<\/p>\n\n\n\n<p>El documento promueve la reflexi\u00f3n sobre el marco constitucional que contiene a la protecci\u00f3n del ambiente en un contexto en el que, desde diferentes sectores econ\u00f3micos y pol\u00edticos, se promueve la desregulaci\u00f3n ambiental y se intenta desconocer las facultades constitucionales del Congreso de la Naci\u00f3n en la materia.<\/p>\n\n\n\n<p>La senadora <strong>Edith Terenzi<\/strong>, presidente de la Comisi\u00f3n de Ambiente del Senado inaugur\u00f3 la jornada se\u00f1alando que <strong>\u201cno podemos volver al debate anacr\u00f3nico de si existe el cambio clim\u00e1tico o no.<\/strong> Como legisladores tenemos una deuda a 30 a\u00f1os de la reforma constitucional con el desarrollo sostenible, que debe ser saldada de forma colectiva entre la producci\u00f3n, la industria y los actores ambientales\u201d<\/p>\n\n\n\n<p>Por su parte, la diputada <strong>Margarita Stolbizer<\/strong> remarc\u00f3 que \u201cestamos retrocediendo en el debate p\u00fablico en t\u00e9rminos de ambiente y convalidando el no cumplimiento de las normas ambientales. Necesitamos establecer desde el Congreso nuevos mecanismos de control y cumplimiento de las normas ambientales, para que no caigan en saco roto. <strong>Hoy en d\u00eda el Congreso no est\u00e1 a la altura de la necesidad del debate que requieren los temas ambientales\u201d<\/strong>.<\/p>\n\n\n\n<p>En su intervenci\u00f3n, el diputado <strong>Maximiliano Ferraro<\/strong> afirm\u00f3: \u201cHay una discusi\u00f3n que siempre aparece en torno a la pol\u00edtica ambiental; <strong>los recursos naturales pertenecen a la jurisdicci\u00f3n provincial, pero desde el Congreso se debe reivindicar la competencia de la Naci\u00f3n<\/strong> para dictar pol\u00edticas de presupuestos m\u00ednimos ambientales. La Naci\u00f3n no debe renunciar de ninguna manera a regular en materia ambiental, as\u00ed lo establece la Constituci\u00f3n del 94\u201d.<\/p>\n\n\n\n<p>Por su parte, el prestigioso constitucionalista <strong>Daniel Sabsay<\/strong> se\u00f1al\u00f3: <strong>\u201cEl contexto que estamos viviendo hoy es tr\u00e1gico.<\/strong> No solo vemos la burla a la protecci\u00f3n del ambiente, sino tambi\u00e9n la regresi\u00f3n del sentido, ahora es el ambiente el que retrasa al desarrollo, cuando sabemos que el ambiente es el desarrollo sostenible\u201d.<\/p>\n\n\n\n<p>Al momento de presentar el contenido del informe del CPA, <strong>Mar\u00eda Eugenia Testa<\/strong>, su directora dijo \u201cQueremos agradecer a los convencionales constituyentes del 94 que nos dieron <strong>herramientas para poder transitar estos dif\u00edciles momentos de negacionismo ambiental\u201d.<\/strong><\/p>\n\n\n\n<p>Desde el CPA resaltaron el rol de relevancia que detenta el Congreso de la Naci\u00f3n para la pol\u00edtica ambiental y de desarrollo sostenible de la Argentina. En ese marco, la organizaci\u00f3n present\u00f3 la Agenda Ambiental Legislativa 2024, como una contribuci\u00f3n al debate parlamentario, para avanzar en un marco normativo m\u00e1s s\u00f3lido y acorde a los tiempos actuales.<\/p>\n\n\n\n<p><a href=\"Agenda\r\nAmbiental Legislativa 2024\" target=\"_blank\" rel=\"noopener\" title=\"\">Documento<strong>: Agenda Ambiental Legislativa 2024<\/strong><\/a><\/p>\n","protected":false},"excerpt":{"rendered":"<p>El sector pesquero particip\u00f3 del debate sobre los desaf\u00edos ambientales a 30 a\u00f1os de la reforma constitucional que se llev\u00f3 a cabo esta semana en el Senado de la Naci\u00f3n. Invitados por la senadora Edith Terenzi, presidente de la Comisi\u00f3n de Ambiente asistieron representantes de la C\u00e1mara Argentina Patag\u00f3nica de Industrias Pesqueras (CAPIP), la C\u00e1mara<\/p>\n","protected":false},"author":4,"featured_media":9534,"comment_status":"open","ping_status":"open","sticky":false,"template":"","format":"standard","meta":{"om_disable_all_campaigns":false,"_monsterinsights_skip_tracking":false,"_monsterinsights_sitenote_active":false,"_monsterinsights_sitenote_note":"","_monsterinsights_sitenote_category":0,"footnotes":""},"categories":[9],"tags":[204,413,194,306,1589,710,91,1588,1587,706],"class_list":{"0":"post-9532","1":"post","2":"type-post","3":"status-publish","4":"format-standard","5":"has-post-thumbnail","7":"category-actualidad","8":"tag-capa","9":"tag-capeca","10":"tag-capip","11":"tag-circulo-de-politicas-ambientales","12":"tag-daniel-sabsay","13":"tag-edith-terenzi","14":"tag-featured","15":"tag-margarita-stolbizer","16":"tag-maximiliano-ferraro","17":"tag-senado-nacional"},"aioseo_notices":[],"amp_enabled":true,"_links":{"self":[{"href":"https:\/\/partedepesca.com.ar\/d\/wp-json\/wp\/v2\/posts\/9532","targetHints":{"allow":["GET"]}}],"collection":[{"href":"https:\/\/partedepesca.com.ar\/d\/wp-json\/wp\/v2\/posts"}],"about":[{"href":"https:\/\/partedepesca.com.ar\/d\/wp-json\/wp\/v2\/types\/post"}],"author":[{"embeddable":true,"href":"https:\/\/partedepesca.com.ar\/d\/wp-json\/wp\/v2\/users\/4"}],"replies":[{"embeddable":true,"href":"https:\/\/partedepesca.com.ar\/d\/wp-json\/wp\/v2\/comments?post=9532"}],"version-history":[{"count":2,"href":"https:\/\/partedepesca.com.ar\/d\/wp-json\/wp\/v2\/posts\/9532\/revisions"}],"predecessor-version":[{"id":9536,"href":"https:\/\/partedepesca.com.ar\/d\/wp-json\/wp\/v2\/posts\/9532\/revisions\/9536"}],"wp:featuredmedia":[{"embeddable":true,"href":"https:\/\/partedepesca.com.ar\/d\/wp-json\/wp\/v2\/media\/9534"}],"wp:attachment":[{"href":"https:\/\/partedepesca.com.ar\/d\/wp-json\/wp\/v2\/media?parent=9532"}],"wp:term":[{"taxonomy":"category","embeddable":true,"href":"https:\/\/partedepesca.com.ar\/d\/wp-json\/wp\/v2\/categories?post=9532"},{"taxonomy":"post_tag","embeddable":true,"href":"https:\/\/partedepesca.com.ar\/d\/wp-json\/wp\/v2\/tags?post=9532"}],"curies":[{"name":"wp","href":"https:\/\/api.w.org\/{rel}","templated":true}]}}