{"id":9062,"date":"2024-07-31T13:15:18","date_gmt":"2024-07-31T13:15:18","guid":{"rendered":"https:\/\/partedepesca.com.ar\/d\/?p=9062"},"modified":"2024-08-02T01:40:04","modified_gmt":"2024-08-02T01:40:04","slug":"murio-el-estibador-accidentado-en-caleta-paula","status":"publish","type":"post","link":"https:\/\/partedepesca.com.ar\/d\/murio-el-estibador-accidentado-en-caleta-paula\/","title":{"rendered":"Muri\u00f3 el estibador accidentado en Caleta Paula"},"content":{"rendered":"\n<p><strong>\u201cA mi papa lo mato la negligencia del Puerto\u201d<\/strong>, asegur\u00f3 Dalma Guti\u00e9rrez la hija del infortunado trabajador de la estiba de Caleta Olivia que sufri\u00f3 un accidente d\u00edas atr\u00e1s al momento de la descarga del buque pesquero Andr\u00e9s Jorge.<\/p>\n\n\n\n<p>La Asociaci\u00f3n Gremial de Obreros Mar\u00edtimos Unidos de Santa Cruz (AGOMU) dio a conocer la novedad indicando que <strong>Di\u00f3genes Guti\u00e9rrez falleci\u00f3 en la madrugada de este mi\u00e9rcoles<\/strong>, seg\u00fan consign\u00f3 un parte oficial del Hospital Zonal.<\/p>\n\n\n\n<p>Mario Guti\u00e9rrez, otro de los hijos, coment\u00f3 que \u00e9l y su familia llevan muchos a\u00f1os trabajando en el puerto Caleta Paula.<strong> \u201cLamentablemente\u201d<\/strong>, indic\u00f3 <strong>\u201cno cuentan con ning\u00fan tipo de seguro\u201d.<\/strong> Dijo que, \u201cpara las empresas, los trabajadores son simplemente n\u00fameros y que el abandono de los empleados es una queja que han estado planteando durante muchos a\u00f1os\u201d.<\/p>\n\n\n\n<p><strong>\u201cNosotros como hijos vamos hacer Justicia, Justicia, Justicia esto no va quedar as\u00ed la muerte de mi pap\u00e1<\/strong> porque \u00e9l no se fue porque \u00e9l quiso, \u00e9l se fue por que el puerto me lo mato a mi papa\u201d, reflexion\u00f3 tras conocerse el fatal desenlace.<\/p>\n\n\n\n<p>El pasado viernes 26 de julio, el estibador Di\u00f3genes Guti\u00e9rrez de 60 a\u00f1os, en circunstancias que son objeto de investigaci\u00f3n, fue alcanzado por la tapa de la bodega de la proa de la embarcaci\u00f3n que estaban descargando, al desprenderse e impactar con la humanidad del trabajador, cayendo al vac\u00edo caus\u00e1ndole m\u00faltiples fracturas, entre ellas, craneales.<\/p>\n","protected":false},"excerpt":{"rendered":"<p>\u201cA mi papa lo mato la negligencia del Puerto\u201d, asegur\u00f3 Dalma Guti\u00e9rrez la hija del infortunado trabajador de la estiba de Caleta Olivia que sufri\u00f3 un accidente d\u00edas atr\u00e1s al momento de la descarga del buque pesquero Andr\u00e9s Jorge. La Asociaci\u00f3n Gremial de Obreros Mar\u00edtimos Unidos de Santa Cruz (AGOMU) dio a conocer la novedad<\/p>\n","protected":false},"author":4,"featured_media":9063,"comment_status":"open","ping_status":"open","sticky":false,"template":"","format":"standard","meta":{"om_disable_all_campaigns":false,"_monsterinsights_skip_tracking":false,"_monsterinsights_sitenote_active":false,"_monsterinsights_sitenote_note":"","_monsterinsights_sitenote_category":0,"footnotes":""},"categories":[9],"tags":[1503,1504,297,1506,1505,91,1502],"class_list":{"0":"post-9062","1":"post","2":"type-post","3":"status-publish","4":"format-standard","5":"has-post-thumbnail","7":"category-actualidad","8":"tag-agomu","9":"tag-barco-andres-jorge","10":"tag-caleta-olivia","11":"tag-diogenez-gutierrez","12":"tag-estiba-santa-cruz","13":"tag-featured","14":"tag-puerto-caleta-paula"},"aioseo_notices":[],"amp_enabled":true,"_links":{"self":[{"href":"https:\/\/partedepesca.com.ar\/d\/wp-json\/wp\/v2\/posts\/9062","targetHints":{"allow":["GET"]}}],"collection":[{"href":"https:\/\/partedepesca.com.ar\/d\/wp-json\/wp\/v2\/posts"}],"about":[{"href":"https:\/\/partedepesca.com.ar\/d\/wp-json\/wp\/v2\/types\/post"}],"author":[{"embeddable":true,"href":"https:\/\/partedepesca.com.ar\/d\/wp-json\/wp\/v2\/users\/4"}],"replies":[{"embeddable":true,"href":"https:\/\/partedepesca.com.ar\/d\/wp-json\/wp\/v2\/comments?post=9062"}],"version-history":[{"count":2,"href":"https:\/\/partedepesca.com.ar\/d\/wp-json\/wp\/v2\/posts\/9062\/revisions"}],"predecessor-version":[{"id":9065,"href":"https:\/\/partedepesca.com.ar\/d\/wp-json\/wp\/v2\/posts\/9062\/revisions\/9065"}],"wp:featuredmedia":[{"embeddable":true,"href":"https:\/\/partedepesca.com.ar\/d\/wp-json\/wp\/v2\/media\/9063"}],"wp:attachment":[{"href":"https:\/\/partedepesca.com.ar\/d\/wp-json\/wp\/v2\/media?parent=9062"}],"wp:term":[{"taxonomy":"category","embeddable":true,"href":"https:\/\/partedepesca.com.ar\/d\/wp-json\/wp\/v2\/categories?post=9062"},{"taxonomy":"post_tag","embeddable":true,"href":"https:\/\/partedepesca.com.ar\/d\/wp-json\/wp\/v2\/tags?post=9062"}],"curies":[{"name":"wp","href":"https:\/\/api.w.org\/{rel}","templated":true}]}}