{"id":8221,"date":"2024-07-16T10:41:06","date_gmt":"2024-07-16T10:41:06","guid":{"rendered":"https:\/\/partedepesca.com.ar\/d\/?p=8221"},"modified":"2024-07-19T10:21:55","modified_gmt":"2024-07-19T10:21:55","slug":"en-septiembre-se-realizaran-en-madryn-las-jornadas-de-economia-azul","status":"publish","type":"post","link":"https:\/\/partedepesca.com.ar\/d\/en-septiembre-se-realizaran-en-madryn-las-jornadas-de-economia-azul\/","title":{"rendered":"En septiembre se realizar\u00e1n en Madryn las \u2018Jornadas de Econom\u00eda Azul\u2019"},"content":{"rendered":"\n<p>La C\u00e1mara Industrial y de Comercio Exterior de Puerto Madryn y Regi\u00f3n Patagonia organiza la realizaci\u00f3n de las \u2018Jornadas de Econom\u00eda Azul\u2019 a desarrollarse los d\u00edas 4, 5 y 6 de septiembre en la sede del Ecocentro.<\/p>\n\n\n\n<p>El concepto de \u2018econom\u00eda azul\u2019 se centra en el papel de los mares como fuente econ\u00f3mica y en la importancia de gestionar sus recursos de una forma eficiente, restaurando los ecosistemas da\u00f1ados e introduciendo innovaci\u00f3n que permita un aprovechamiento sostenible en el futuro.<\/p>\n\n\n\n<p>El evento est\u00e1 dirigido a aquellos empresarios nacionales e internacionales con su mira en la econom\u00eda azul, a los tomadores de decisiones pol\u00edticas, sobre todo con visi\u00f3n a largo plazo, a la comunidad patag\u00f3nica, a investigadores relacionados con temas pesqueros y marinos, as\u00ed como a los interesados en desarrollos tecnol\u00f3gicos. A empresas dedicadas a las energ\u00edas renovables y no renovables, hidroel\u00e9ctricas, plantas desalinizadoras, as\u00ed como tambi\u00e9n a todas aquellas personas, entes, empresas y comunidades que tienen inter\u00e9s en el desarrollo sustentable.<\/p>\n\n\n\n<p>Las Jornadas de Econom\u00eda Azul son organizadas por CIMA Patagonia con el acompa\u00f1amiento de Mariscope. En el a\u00f1o 2017 se llevaron a cabo las Primeras Jornadas de Tecnolog\u00eda Marina y en base a esa experiencia se proyecta este nuevo evento que en el cronograma anual se intercalar\u00e1 con Evenpa.<\/p>\n\n\n\n<p class=\"has-vivid-cyan-blue-color has-text-color has-link-color wp-elements-72bae15b40e2b27622d009f2db37147d\"><strong>POTENCIALIDADES Y DESARROLLO<\/strong><\/p>\n\n\n\n<p>\u201cArgentina ha vivido de espaldas al mar y nos parec\u00eda una buena idea de ampliar estas jornadas a sectores como la pesca, energ\u00edas, es decir, con una perspectiva econ\u00f3mica\u201d, describi\u00f3 Christian Haag, CEO de Mariscope, una empresa de tecnolog\u00eda marina asociada a la CIMA.<\/p>\n\n\n\n<p>\u201cEstuve en Italia en un congreso donde particip\u00f3 la ministra de Relaciones Exteriores y Culto de Argentina, Diana Mondino, y en ese foro en Mil\u00e1n, promocionando la Patagonia, obtuvimos el compromiso de la ministra que la Canciller\u00eda enviar\u00e1 representantes a estas jornadas\u201d, mencion\u00f3.<\/p>\n\n\n\n<p>Haag considera que \u201cla Patagonia sigue teniendo un gran potencial para seguir desarrollando, en materia de energ\u00eda, puertos, log\u00edstica, astilleros\u201d, detall\u00f3.<\/p>\n\n\n\n<p>El debate se centra en el desarrollo arm\u00f3nico entre las diferentes industrias y el medio ambiente. \u201cCIMA tiene una visi\u00f3n de potenciar el desarrollo industrial siempre cuidando lo ambiental. Este ser\u00e1 un espacio de intercambio y motivaci\u00f3n para inversionistas\u201d, subray\u00f3.<\/p>\n\n\n\n<p class=\"has-vivid-cyan-blue-color has-text-color has-link-color wp-elements-35495bda0f41e98e9f2166aaa9a227d5\"><strong>RELEVANCIA DE LA PESCA<\/strong><\/p>\n\n\n\n<p>Por su parte, Carlos Molina, gerente general de Food Partners Patagonia, asociada a CIMA Patagonia, sostuvo que \u201cel tema de pesca es relevante porque dentro de la econom\u00eda azul es una actividad importante. En esta perspectiva se busca detectar oportunidades de negocios que hoy est\u00e1n desaprovechadas\u201d.<\/p>\n\n\n\n<p>\u201cSi uno analiza el ciclo de la pesca, desde la extracci\u00f3n, pasando por el procesamiento y todo el impacto que tiene alrededor, la econom\u00eda azul busca minimizar los impactos. Colateralmente a la industria pesquera hay una gran alternativa de negocios y son oportunidades no aprovechadas por el momento, tanto en el aprovechamiento de los subproductos, el desarrollo de mejores tecnolog\u00edas para generar m\u00e1s valor, el aprovechamiento de otros recursos y subproductos\u201d, describi\u00f3<\/p>\n\n\n\n<p>Molina cont\u00f3 que en el ecosistema de la pesca \u201chay que aprovechar lo que no se utiliza y potenciar lo que se tiene. La idea de estas jornadas es poner foco en aquellas cosas que se pueden hacer e identificar las oportunidades para transformarlas en actividad econ\u00f3mica\u201d.<\/p>\n\n\n\n<p class=\"has-vivid-cyan-blue-color has-text-color has-link-color wp-elements-d2d43f4525638beb56e8c1f0f4db0478\"><strong>NUTRIDA AGENDA<\/strong><\/p>\n\n\n\n<p>El evento prev\u00e9 diferentes ponencias y espacios de debate, y en materia pesquera hay paneles que abordar\u00e1n, entre otros temas, &#8220;la pesca comercial en el contexto de Econom\u00eda Azul; Pesca Industrial, estado actual de las actividades objetivo; Oportunidades de generaci\u00f3n de valor desde actividades derivadas; Oportunidades de desarrollo comercial y tecnol\u00f3gico en la industria basada en la diversificaci\u00f3n de especies; Biotecnolog\u00eda marina; Plantas Desalinizadoras, el futuro de la obtenci\u00f3n de agua dulce para industrias de alta demanda de agua; Tratado de ultramar desde una mirada productiva; \u00c1reas protegidas marinas en contraste con la econom\u00eda azul, El impacto de las actividades antropog\u00e9nicas en el ejemplo de la pesca del langostino, entre otras. La tem\u00e1tica es diversa y tambi\u00e9n habr\u00e1 un abordaje de las energ\u00edas renovables, transporte mar\u00edtimo internacional, impacto de Vaca Muerta, hidr\u00f3geno verde, cambio clim\u00e1tico, rob\u00f3tica submarina, entre otros temas de relevante inter\u00e9s.<\/p>\n","protected":false},"excerpt":{"rendered":"<p>La C\u00e1mara Industrial y de Comercio Exterior de Puerto Madryn y Regi\u00f3n Patagonia organiza la realizaci\u00f3n de las \u2018Jornadas de Econom\u00eda Azul\u2019 a desarrollarse los d\u00edas 4, 5 y 6 de septiembre en la sede del Ecocentro. El concepto de \u2018econom\u00eda azul\u2019 se centra en el papel de los mares como fuente econ\u00f3mica y en<\/p>\n","protected":false},"author":4,"featured_media":8222,"comment_status":"open","ping_status":"open","sticky":false,"template":"","format":"standard","meta":{"om_disable_all_campaigns":false,"_monsterinsights_skip_tracking":false,"_monsterinsights_sitenote_active":false,"_monsterinsights_sitenote_note":"","_monsterinsights_sitenote_category":0,"footnotes":""},"categories":[9],"tags":[662,91,172,1440,1442,1441],"class_list":{"0":"post-8221","1":"post","2":"type-post","3":"status-publish","4":"format-standard","5":"has-post-thumbnail","7":"category-actualidad","8":"tag-cima-patagonia","9":"tag-featured","10":"tag-industria-pesquera","11":"tag-jornadas-de-economia-azul","12":"tag-subproductos-de-la-pesca","13":"tag-tecnologia-marina"},"aioseo_notices":[],"amp_enabled":true,"_links":{"self":[{"href":"https:\/\/partedepesca.com.ar\/d\/wp-json\/wp\/v2\/posts\/8221","targetHints":{"allow":["GET"]}}],"collection":[{"href":"https:\/\/partedepesca.com.ar\/d\/wp-json\/wp\/v2\/posts"}],"about":[{"href":"https:\/\/partedepesca.com.ar\/d\/wp-json\/wp\/v2\/types\/post"}],"author":[{"embeddable":true,"href":"https:\/\/partedepesca.com.ar\/d\/wp-json\/wp\/v2\/users\/4"}],"replies":[{"embeddable":true,"href":"https:\/\/partedepesca.com.ar\/d\/wp-json\/wp\/v2\/comments?post=8221"}],"version-history":[{"count":1,"href":"https:\/\/partedepesca.com.ar\/d\/wp-json\/wp\/v2\/posts\/8221\/revisions"}],"predecessor-version":[{"id":8223,"href":"https:\/\/partedepesca.com.ar\/d\/wp-json\/wp\/v2\/posts\/8221\/revisions\/8223"}],"wp:featuredmedia":[{"embeddable":true,"href":"https:\/\/partedepesca.com.ar\/d\/wp-json\/wp\/v2\/media\/8222"}],"wp:attachment":[{"href":"https:\/\/partedepesca.com.ar\/d\/wp-json\/wp\/v2\/media?parent=8221"}],"wp:term":[{"taxonomy":"category","embeddable":true,"href":"https:\/\/partedepesca.com.ar\/d\/wp-json\/wp\/v2\/categories?post=8221"},{"taxonomy":"post_tag","embeddable":true,"href":"https:\/\/partedepesca.com.ar\/d\/wp-json\/wp\/v2\/tags?post=8221"}],"curies":[{"name":"wp","href":"https:\/\/api.w.org\/{rel}","templated":true}]}}