{"id":8213,"date":"2024-07-12T14:00:49","date_gmt":"2024-07-12T14:00:49","guid":{"rendered":"https:\/\/partedepesca.com.ar\/d\/?p=8213"},"modified":"2024-07-16T21:53:47","modified_gmt":"2024-07-16T21:53:47","slug":"cuotificacion-estaria-acordada-la-renovacion-pero-a-un-mayor-costo","status":"publish","type":"post","link":"https:\/\/partedepesca.com.ar\/d\/cuotificacion-estaria-acordada-la-renovacion-pero-a-un-mayor-costo\/","title":{"rendered":"Cuotificaci\u00f3n: estar\u00eda acordada la renovaci\u00f3n, pero a un \u201cmayor costo\u201d"},"content":{"rendered":"\n<p>El influyente <strong>Juan Pazo<\/strong> ser\u00eda el interlocutor que lleva adelante las negociaciones con los principales grupos empresarios pesqueros con inversiones en Argentina. Hay optimismo en que las <strong>Cuotas Individuales Transferibles de Captura (CITC) <\/strong>continuar\u00e1n en manos de quienes actualmente detentan esas concesiones temporales de explotaci\u00f3n de recursos naturales otorgadas por el Estado.<\/p>\n\n\n\n<p>El vencimiento opera el 31 de diciembre de 2024, pero las principales compa\u00f1\u00edas buscan previsibilidad en el horizonte de sus inversiones, y en tal sentido, ya han mantenido diferentes contactos con uno de los mayores hombres de confianza del ministro de Econom\u00eda, Luis Caputo; seg\u00fan revelan a <strong>PARTE DE PESCA<\/strong> fuentes de irreprochable cr\u00e9dito.<\/p>\n\n\n\n<p>Pazo habr\u00eda transmitido que el Gobierno de Javier Mieli acceder\u00eda a la renovaci\u00f3n de las cuotas por otro periodo de 15 a\u00f1os, aunque, no en las mismas condiciones. La administraci\u00f3n libertaria aspira a <strong>incrementar la recaudaci\u00f3n por tales concesiones<\/strong> y ah\u00ed se centra ahora el eje de las conversaciones.<\/p>\n\n\n\n<p>En este esquema, el subsecretario de Recursos Acu\u00edcolas y Pesca, <strong>Juan Antonio L\u00f3pez Cazorla<\/strong>, est\u00e1 marginado a temas administrativos, no es hoy el interlocutor en las tratativas por el futuro de las CITC.<\/p>\n\n\n\n<p>El desplazamiento de <strong>Fernando Vilella<\/strong> de la ex Bioeconom\u00eda y la recalada de <strong>Sergio Iraeta<\/strong> confirma el <strong>\u2018poder real\u2019<\/strong> del secretario Coordinador de Producci\u00f3n, y segundo del Ministerio de Econom\u00eda, Juan Pazo.<\/p>\n\n\n\n<p>Caputo hace esfuerzos por diferenciarse de Federico Sturzenegger, cada vez que puede, en diferentes abordajes de temas sensibles. En materia pesquera no tendr\u00eda planeado imponer un sistema de licitaciones internacionales al mejor postor como ide\u00f3 el ahora Ministro de Desregulaci\u00f3n y Transformaci\u00f3n del Estado.<\/p>\n\n\n\n<p>Despejada esa \u2018alternativa\u2019, <strong>seguir explotando por otros 15 a\u00f1os esas cuotas de captura no tendr\u00edan el mismo costo. La cartera de Econom\u00eda que contiene en su organigrama a la reflotada Secretar\u00eda de Agricultura, Ganader\u00eda y Pesca define una \u2018actualizaci\u00f3n\u2019 de los valores de los derechos \u00fanicos de extracci\u00f3n y hasta la posible creaci\u00f3n de un nuevo canon<\/strong>, cuyas caracter\u00edsticas no se conocen por el momento.<\/p>\n\n\n\n<p>Esta semana ingres\u00f3 al Consejo Federal Pesquero una <strong>avalancha de solicitudes<\/strong> de pr\u00f3rroga del R\u00e9gimen de CITC vigente de merluza com\u00fan, merluza de cola, merluza negra y polaca. Las presentaciones fueron realizadas por la C\u00e1mara de Armadores de Pesqueros y Congeladores de la Argentina <strong>(CAPeCA)<\/strong>; el Consejo de Empresas Pesqueras Argentinas <strong>(CEPA)<\/strong>; la C\u00e1mara Argentina Patag\u00f3nica de Industrias Pesqueras <strong>(CAPIP)<\/strong>; la Asociaci\u00f3n de Embarcaciones de Pesca Costera y Fresquera <strong>(AEPCyF)<\/strong>; la C\u00e1mara de Frigor\u00edficos Exportadores de la Pesca <strong>(CAFREXPORT)<\/strong>; la Uni\u00f3n de Intereses Pesqueros Argentinos <strong>(UDIPA<\/strong>) y la C\u00e1mara Argentina de Armadores de Buques Pesqueros de Altura <strong>(CAABPA)<\/strong>.<\/p>\n\n\n\n<p>\u201cEl CFP ha establecido una mec\u00e1nica de reuniones de trabajo de los miembros del Consejo, previendo diferentes encuentros, para el tratamiento de este tema en particular\u201d, se consign\u00f3 en el Acta N\u00b0 10 dada a conocer ayer. <\/p>\n\n\n\n<p>Con todo, hay un<strong> \u2018mesurado optimismo\u2019<\/strong> en el sector ante una eventual renovaci\u00f3n de las CITC, aunque, las idas y vueltas que ha dado el gobierno mileista, en estos primeros seis meses de gesti\u00f3n, provocan <strong>cierto nivel de incertidumbre<\/strong>, el cual comenzar\u00e1 a disiparse con el correr de los meses cuando se transparente la decisi\u00f3n pol\u00edtica en esta materia.<\/p>\n","protected":false},"excerpt":{"rendered":"<p>El influyente Juan Pazo ser\u00eda el interlocutor que lleva adelante las negociaciones con los principales grupos empresarios pesqueros con inversiones en Argentina. Hay optimismo en que las Cuotas Individuales Transferibles de Captura (CITC) continuar\u00e1n en manos de quienes actualmente detentan esas concesiones temporales de explotaci\u00f3n de recursos naturales otorgadas por el Estado. El vencimiento opera<\/p>\n","protected":false},"author":3,"featured_media":8214,"comment_status":"open","ping_status":"open","sticky":false,"template":"","format":"standard","meta":{"om_disable_all_campaigns":false,"_monsterinsights_skip_tracking":false,"_monsterinsights_sitenote_active":false,"_monsterinsights_sitenote_note":"","_monsterinsights_sitenote_category":0,"footnotes":""},"categories":[9],"tags":[655,682,683,413,194,205,640,716,91,1428,975,1436,228,162,1437,684],"class_list":{"0":"post-8213","1":"post","2":"type-post","3":"status-publish","4":"format-standard","5":"has-post-thumbnail","7":"category-actualidad","8":"tag-aepcyf","9":"tag-caabpa","10":"tag-cafrexport","11":"tag-capeca","12":"tag-capip","13":"tag-cepa","14":"tag-citc","15":"tag-cuotificacion","16":"tag-featured","17":"tag-juan-pazo","18":"tag-lopez-cazorla-2","19":"tag-merluza-de-cola","20":"tag-merluza-hubbsi","21":"tag-merluza-negra","22":"tag-polaca","23":"tag-udipa"},"aioseo_notices":[],"amp_enabled":true,"_links":{"self":[{"href":"https:\/\/partedepesca.com.ar\/d\/wp-json\/wp\/v2\/posts\/8213","targetHints":{"allow":["GET"]}}],"collection":[{"href":"https:\/\/partedepesca.com.ar\/d\/wp-json\/wp\/v2\/posts"}],"about":[{"href":"https:\/\/partedepesca.com.ar\/d\/wp-json\/wp\/v2\/types\/post"}],"author":[{"embeddable":true,"href":"https:\/\/partedepesca.com.ar\/d\/wp-json\/wp\/v2\/users\/3"}],"replies":[{"embeddable":true,"href":"https:\/\/partedepesca.com.ar\/d\/wp-json\/wp\/v2\/comments?post=8213"}],"version-history":[{"count":2,"href":"https:\/\/partedepesca.com.ar\/d\/wp-json\/wp\/v2\/posts\/8213\/revisions"}],"predecessor-version":[{"id":8216,"href":"https:\/\/partedepesca.com.ar\/d\/wp-json\/wp\/v2\/posts\/8213\/revisions\/8216"}],"wp:featuredmedia":[{"embeddable":true,"href":"https:\/\/partedepesca.com.ar\/d\/wp-json\/wp\/v2\/media\/8214"}],"wp:attachment":[{"href":"https:\/\/partedepesca.com.ar\/d\/wp-json\/wp\/v2\/media?parent=8213"}],"wp:term":[{"taxonomy":"category","embeddable":true,"href":"https:\/\/partedepesca.com.ar\/d\/wp-json\/wp\/v2\/categories?post=8213"},{"taxonomy":"post_tag","embeddable":true,"href":"https:\/\/partedepesca.com.ar\/d\/wp-json\/wp\/v2\/tags?post=8213"}],"curies":[{"name":"wp","href":"https:\/\/api.w.org\/{rel}","templated":true}]}}