{"id":7563,"date":"2024-06-25T09:01:00","date_gmt":"2024-06-25T09:01:00","guid":{"rendered":"https:\/\/partedepesca.com.ar\/d\/?p=7563"},"modified":"2024-06-27T09:06:17","modified_gmt":"2024-06-27T09:06:17","slug":"dia-de-la-gente-de-mar-por-que-se-celebra-el-25-de-junio","status":"publish","type":"post","link":"https:\/\/partedepesca.com.ar\/d\/dia-de-la-gente-de-mar-por-que-se-celebra-el-25-de-junio\/","title":{"rendered":"D\u00eda de la Gente de Mar: \u00bfPor qu\u00e9 se celebra el 25 de junio?"},"content":{"rendered":"\n<p>El 25 de junio se conmemora el D\u00eda de la Gente de Mar, una fecha que busca brindar mayor reconocimiento a quienes se dedican a las actividades mar\u00edtimas. Esta celebraci\u00f3n fue promulgada por la Organizaci\u00f3n Mar\u00edtima Internacional (OMI), durante la Conferencia de Manila del a\u00f1o 2010. El objetivo principal de esta iniciativa es dar espacio en la agenda p\u00fablica a los peligros que enfrentan las personas que se dedican a la navegaci\u00f3n y visibilizar todo aquello que podr\u00eda mejorar la calidad de vida y de trabajo del sector.<\/p>\n\n\n\n<p>Ellos constituyen un eslab\u00f3n esencial en el desarrollo del comercio internacional, en medio de riesgos y restricciones que atentan contra el cumplimiento de su labor.<\/p>\n\n\n\n<p>Cabe destacar, que el t\u00e9rmino &#8220;gente de mar&#8221; se refiere al colectivo formado por aquellas personas relacionadas con la actividad mar\u00edtima, dentro de una embarcaci\u00f3n y los que brindan apoyo desde tierra:<\/p>\n\n\n\n<p>1) Tripulantes de buques: en las \u00e1reas de cubierta (Capit\u00e1n, oficiales, pilotos y marineros), m\u00e1quinas (jefe de m\u00e1quinas, oficiales maquinistas, mec\u00e1nicos, electricistas, foguistas), comunicaciones (personal asignado a las instalaciones radioel\u00e9ctricas y de sistemas de comunicaci\u00f3n), administraci\u00f3n (personal encargado de las tareas contables, servicios de alojamiento y alimentaci\u00f3n de tripulantes y pasajeros), sanidad (Oficiales m\u00e9dicos, enfermeros y asistentes) y practicaje (personal dedicado al asesoramiento n\u00e1utico y legal),<\/p>\n\n\n\n<p>2) Personal terrestre (profesional y t\u00e9cnico) que ejerce funciones en jurisdicci\u00f3n portuaria y<\/p>\n\n\n\n<p>3) Pescadores, entre otros.<\/p>\n\n\n\n<figure class=\"wp-block-image size-large\"><a href=\"https:\/\/partedepesca.com.ar\/d\/wp-content\/uploads\/2024\/06\/buque-carguero-portacontenedores-en-pm-2.jpg\"><img fetchpriority=\"high\" decoding=\"async\" width=\"1024\" height=\"607\" src=\"https:\/\/partedepesca.com.ar\/d\/wp-content\/uploads\/2024\/06\/buque-carguero-portacontenedores-en-pm-2-1024x607.jpg\" alt=\"\" class=\"wp-image-7564\" srcset=\"https:\/\/partedepesca.com.ar\/d\/wp-content\/uploads\/2024\/06\/buque-carguero-portacontenedores-en-pm-2-1024x607.jpg 1024w, https:\/\/partedepesca.com.ar\/d\/wp-content\/uploads\/2024\/06\/buque-carguero-portacontenedores-en-pm-2-300x178.jpg 300w, https:\/\/partedepesca.com.ar\/d\/wp-content\/uploads\/2024\/06\/buque-carguero-portacontenedores-en-pm-2-768x455.jpg 768w, https:\/\/partedepesca.com.ar\/d\/wp-content\/uploads\/2024\/06\/buque-carguero-portacontenedores-en-pm-2-1536x911.jpg 1536w, https:\/\/partedepesca.com.ar\/d\/wp-content\/uploads\/2024\/06\/buque-carguero-portacontenedores-en-pm-2-150x89.jpg 150w, https:\/\/partedepesca.com.ar\/d\/wp-content\/uploads\/2024\/06\/buque-carguero-portacontenedores-en-pm-2-450x267.jpg 450w, https:\/\/partedepesca.com.ar\/d\/wp-content\/uploads\/2024\/06\/buque-carguero-portacontenedores-en-pm-2-1200x711.jpg 1200w, https:\/\/partedepesca.com.ar\/d\/wp-content\/uploads\/2024\/06\/buque-carguero-portacontenedores-en-pm-2.jpg 1864w\" sizes=\"(max-width: 1024px) 100vw, 1024px\" \/><\/a><\/figure>\n\n\n\n<p>En el cumplimiento de su labor, la gente de mar est\u00e1 expuesta a los siguientes riesgos y situaciones: Incidentes mar\u00edtimos involuntarios que pueden causar da\u00f1o ambiental o p\u00e9rdidas de vidas, con posibles responsabilidades penales, condiciones ambientales adversas (tormentas, maremotos, tsunamis), dificultades para facilitar los cambios de tripulaci\u00f3n en los puertos mar\u00edtimos, debido a los protocolos establecidos en los diversos pa\u00edses y zonas geogr\u00e1ficas que obstaculizan el relevo del personal marino y pirater\u00eda, contrabando y trata de personas.<\/p>\n\n\n\n<figure class=\"wp-block-image size-large\"><a href=\"https:\/\/partedepesca.com.ar\/d\/wp-content\/uploads\/2024\/06\/buque-angelescu-inidep-piedra-buena-1-scaled.jpg\"><img decoding=\"async\" width=\"1024\" height=\"682\" src=\"https:\/\/partedepesca.com.ar\/d\/wp-content\/uploads\/2024\/06\/buque-angelescu-inidep-piedra-buena-1-1024x682.jpg\" alt=\"\" class=\"wp-image-7565\" srcset=\"https:\/\/partedepesca.com.ar\/d\/wp-content\/uploads\/2024\/06\/buque-angelescu-inidep-piedra-buena-1-1024x682.jpg 1024w, https:\/\/partedepesca.com.ar\/d\/wp-content\/uploads\/2024\/06\/buque-angelescu-inidep-piedra-buena-1-300x200.jpg 300w, https:\/\/partedepesca.com.ar\/d\/wp-content\/uploads\/2024\/06\/buque-angelescu-inidep-piedra-buena-1-768x511.jpg 768w, https:\/\/partedepesca.com.ar\/d\/wp-content\/uploads\/2024\/06\/buque-angelescu-inidep-piedra-buena-1-1536x1022.jpg 1536w, https:\/\/partedepesca.com.ar\/d\/wp-content\/uploads\/2024\/06\/buque-angelescu-inidep-piedra-buena-1-2048x1363.jpg 2048w, https:\/\/partedepesca.com.ar\/d\/wp-content\/uploads\/2024\/06\/buque-angelescu-inidep-piedra-buena-1-150x100.jpg 150w, https:\/\/partedepesca.com.ar\/d\/wp-content\/uploads\/2024\/06\/buque-angelescu-inidep-piedra-buena-1-450x300.jpg 450w, https:\/\/partedepesca.com.ar\/d\/wp-content\/uploads\/2024\/06\/buque-angelescu-inidep-piedra-buena-1-1200x799.jpg 1200w\" sizes=\"(max-width: 1024px) 100vw, 1024px\" \/><\/a><\/figure>\n\n\n\n<p>En tanto, anualmente la Organizaci\u00f3n Mar\u00edtima Internacional (OMI) divulga campa\u00f1as de concienciaci\u00f3n en apoyo a la labor desempe\u00f1ada por la Gente de Mar y con ello, se pretende sensibilizar a los gobiernos de todo el mundo a continuar brindando apoyo a la Gente de Mar durante la pandemia por el COVID-19, abogando por un futuro m\u00e1s justo para ellos basado en un trato equilibrado, condiciones de trabajo acordes con el Convenio sobre el Trabajo Mar\u00edtimo de la OIT, formaci\u00f3n justa y seguridad justa.<\/p>\n","protected":false},"excerpt":{"rendered":"<p>El 25 de junio se conmemora el D\u00eda de la Gente de Mar, una fecha que busca brindar mayor reconocimiento a quienes se dedican a las actividades mar\u00edtimas. Esta celebraci\u00f3n fue promulgada por la Organizaci\u00f3n Mar\u00edtima Internacional (OMI), durante la Conferencia de Manila del a\u00f1o 2010. El objetivo principal de esta iniciativa es dar espacio<\/p>\n","protected":false},"author":4,"featured_media":7566,"comment_status":"open","ping_status":"open","sticky":false,"template":"","format":"standard","meta":{"om_disable_all_campaigns":false,"_monsterinsights_skip_tracking":false,"_monsterinsights_sitenote_active":false,"_monsterinsights_sitenote_note":"","_monsterinsights_sitenote_category":0,"footnotes":""},"categories":[9],"tags":[1363,1364,91,1366,1365],"class_list":{"0":"post-7563","1":"post","2":"type-post","3":"status-publish","4":"format-standard","5":"has-post-thumbnail","7":"category-actualidad","8":"tag-25-de-junio","9":"tag-dia-de-la-gente-de-mar","10":"tag-featured","11":"tag-omi","12":"tag-organizacion-maritima-internacional"},"aioseo_notices":[],"amp_enabled":true,"_links":{"self":[{"href":"https:\/\/partedepesca.com.ar\/d\/wp-json\/wp\/v2\/posts\/7563","targetHints":{"allow":["GET"]}}],"collection":[{"href":"https:\/\/partedepesca.com.ar\/d\/wp-json\/wp\/v2\/posts"}],"about":[{"href":"https:\/\/partedepesca.com.ar\/d\/wp-json\/wp\/v2\/types\/post"}],"author":[{"embeddable":true,"href":"https:\/\/partedepesca.com.ar\/d\/wp-json\/wp\/v2\/users\/4"}],"replies":[{"embeddable":true,"href":"https:\/\/partedepesca.com.ar\/d\/wp-json\/wp\/v2\/comments?post=7563"}],"version-history":[{"count":1,"href":"https:\/\/partedepesca.com.ar\/d\/wp-json\/wp\/v2\/posts\/7563\/revisions"}],"predecessor-version":[{"id":7567,"href":"https:\/\/partedepesca.com.ar\/d\/wp-json\/wp\/v2\/posts\/7563\/revisions\/7567"}],"wp:featuredmedia":[{"embeddable":true,"href":"https:\/\/partedepesca.com.ar\/d\/wp-json\/wp\/v2\/media\/7566"}],"wp:attachment":[{"href":"https:\/\/partedepesca.com.ar\/d\/wp-json\/wp\/v2\/media?parent=7563"}],"wp:term":[{"taxonomy":"category","embeddable":true,"href":"https:\/\/partedepesca.com.ar\/d\/wp-json\/wp\/v2\/categories?post=7563"},{"taxonomy":"post_tag","embeddable":true,"href":"https:\/\/partedepesca.com.ar\/d\/wp-json\/wp\/v2\/tags?post=7563"}],"curies":[{"name":"wp","href":"https:\/\/api.w.org\/{rel}","templated":true}]}}