{"id":7536,"date":"2024-06-20T12:07:19","date_gmt":"2024-06-20T12:07:19","guid":{"rendered":"https:\/\/partedepesca.com.ar\/d\/?p=7536"},"modified":"2024-06-24T10:41:29","modified_gmt":"2024-06-24T10:41:29","slug":"inician-campana-de-evaluacion-de-la-biomasa-de-vieira-patagonica","status":"publish","type":"post","link":"https:\/\/partedepesca.com.ar\/d\/inician-campana-de-evaluacion-de-la-biomasa-de-vieira-patagonica\/","title":{"rendered":"Inician campa\u00f1a de evaluaci\u00f3n de la biomasa de vieira patag\u00f3nica"},"content":{"rendered":"\n<p>A bordo del Buque de Investigaci\u00f3n Pesquera (BIP) Dr. Eduardo L. Holmberg, este martes el Instituto Nacional de Investigaci\u00f3n y Desarrollo Pesquero (INIDEP) puso en marcha la campa\u00f1a de evaluaci\u00f3n de biomasa de vieira patag\u00f3nica (Zygochlamys patagonica) en la Unidad de Manejo A.<\/p>\n\n\n\n<p>Con la Lic. Silvana Campod\u00f3nico como jefa cient\u00edfica, los investigadores y t\u00e9cnicos relevar\u00e1n los bancos y evaluar\u00e1n la biomasa de vieira total y de longitud comercial en la Unidad de Manejo A para el a\u00f1o 2025, integrada entre las latitudes 36\u00ba42 y 38\u00ba00\u2019S y las longitudes aproximadas de 54\u00ba 40\u2019 y 56\u00b000\u2019O.<\/p>\n\n\n\n<p>A su vez, a lo largo de 16 d\u00edas de trabajo tambi\u00e9n llevar\u00e1n a cabo el estudio de la composici\u00f3n cuali-cuantitativa de la comunidad bent\u00f3nica y obtendr\u00e1n datos de oceanograf\u00eda f\u00edsica del \u00e1rea de estudio.&nbsp;<\/p>\n\n\n\n<p>Es importante destacar que la especie se estudia desde 1995 y la realizaci\u00f3n de las campa\u00f1as cobra relevancia debido a que la vieira patag\u00f3nica es un recurso pesquero de gran importancia comercial, ubic\u00e1ndose entre las primeras cuatro pesquer\u00edas del pa\u00eds en cuanto al valor de sus exportaciones.<\/p>\n","protected":false},"excerpt":{"rendered":"<p>A bordo del Buque de Investigaci\u00f3n Pesquera (BIP) Dr. Eduardo L. Holmberg, este martes el Instituto Nacional de Investigaci\u00f3n y Desarrollo Pesquero (INIDEP) puso en marcha la campa\u00f1a de evaluaci\u00f3n de biomasa de vieira patag\u00f3nica (Zygochlamys patagonica) en la Unidad de Manejo A. Con la Lic. Silvana Campod\u00f3nico como jefa cient\u00edfica, los investigadores y t\u00e9cnicos<\/p>\n","protected":false},"author":4,"featured_media":7538,"comment_status":"open","ping_status":"open","sticky":false,"template":"","format":"standard","meta":{"om_disable_all_campaigns":false,"_monsterinsights_skip_tracking":false,"_monsterinsights_sitenote_active":false,"_monsterinsights_sitenote_note":"","_monsterinsights_sitenote_category":0,"footnotes":""},"categories":[9],"tags":[1358,955,91,163,1357,575],"class_list":{"0":"post-7536","1":"post","2":"type-post","3":"status-publish","4":"format-standard","5":"has-post-thumbnail","7":"category-actualidad","8":"tag-bip-eduardo-holmberg","9":"tag-campanas-de-investigacion","10":"tag-featured","11":"tag-inidep","12":"tag-unidad-de-manejo-a","13":"tag-vieira-patagonica"},"aioseo_notices":[],"amp_enabled":true,"_links":{"self":[{"href":"https:\/\/partedepesca.com.ar\/d\/wp-json\/wp\/v2\/posts\/7536","targetHints":{"allow":["GET"]}}],"collection":[{"href":"https:\/\/partedepesca.com.ar\/d\/wp-json\/wp\/v2\/posts"}],"about":[{"href":"https:\/\/partedepesca.com.ar\/d\/wp-json\/wp\/v2\/types\/post"}],"author":[{"embeddable":true,"href":"https:\/\/partedepesca.com.ar\/d\/wp-json\/wp\/v2\/users\/4"}],"replies":[{"embeddable":true,"href":"https:\/\/partedepesca.com.ar\/d\/wp-json\/wp\/v2\/comments?post=7536"}],"version-history":[{"count":1,"href":"https:\/\/partedepesca.com.ar\/d\/wp-json\/wp\/v2\/posts\/7536\/revisions"}],"predecessor-version":[{"id":7539,"href":"https:\/\/partedepesca.com.ar\/d\/wp-json\/wp\/v2\/posts\/7536\/revisions\/7539"}],"wp:featuredmedia":[{"embeddable":true,"href":"https:\/\/partedepesca.com.ar\/d\/wp-json\/wp\/v2\/media\/7538"}],"wp:attachment":[{"href":"https:\/\/partedepesca.com.ar\/d\/wp-json\/wp\/v2\/media?parent=7536"}],"wp:term":[{"taxonomy":"category","embeddable":true,"href":"https:\/\/partedepesca.com.ar\/d\/wp-json\/wp\/v2\/categories?post=7536"},{"taxonomy":"post_tag","embeddable":true,"href":"https:\/\/partedepesca.com.ar\/d\/wp-json\/wp\/v2\/tags?post=7536"}],"curies":[{"name":"wp","href":"https:\/\/api.w.org\/{rel}","templated":true}]}}