{"id":7394,"date":"2024-06-04T20:38:50","date_gmt":"2024-06-04T20:38:50","guid":{"rendered":"https:\/\/partedepesca.com.ar\/d\/?p=7394"},"modified":"2024-06-06T14:34:05","modified_gmt":"2024-06-06T14:34:05","slug":"inidep-calibran-aparejos-de-pesca-de-arrastre-en-el-bipo-angelescu","status":"publish","type":"post","link":"https:\/\/partedepesca.com.ar\/d\/inidep-calibran-aparejos-de-pesca-de-arrastre-en-el-bipo-angelescu\/","title":{"rendered":"INIDEP: calibran aparejos de pesca de arrastre en el BIPO Angelescu"},"content":{"rendered":"\n<p>A bordo del Buque de Investigaci\u00f3n Pesquera Oceanogr\u00e1fica (BIPO) V\u00edctor Angelescu, este lunes el Instituto Nacional de Investigaci\u00f3n y Desarrollo Pesquero (INIDEP) puso en marcha la campa\u00f1a de prueba y calibraci\u00f3n de aparejos de pesca de arrastre a utilizar en la embarcaci\u00f3n del organismo.<\/p>\n\n\n\n<p>Con el Ing. Franco Rubio como responsable cient\u00edfico, a lo largo de 15 d\u00edas los investigadores y t\u00e9cnicos calibrar\u00e1n y ensayar\u00e1n el funcionamiento de las redes de arrastre (una red pel\u00e1gica y tres demersales), a diferentes profundidades de trabajo y estudiar\u00e1n los ajustes necesarios a realizar en dichos aparejos, para lograr el adecuado funcionamiento de los mismos.<\/p>\n\n\n\n<p>Adem\u00e1s, se registrar\u00e1n im\u00e1genes de video de maniobras de pesca, se obtendr\u00e1n im\u00e1genes submarinas y se conocer\u00e1n las composiciones de las capturas.<\/p>\n\n\n\n<p>Dichas actividades se llevar\u00e1n a cabo en zonas donde se alcancen profundidades desde 30 hasta 400 metros, con presencia de especies de inter\u00e9s comercial, seg\u00fan criterio del responsable cient\u00edfico y el capit\u00e1n del buque.<\/p>\n","protected":false},"excerpt":{"rendered":"<p>A bordo del Buque de Investigaci\u00f3n Pesquera Oceanogr\u00e1fica (BIPO) V\u00edctor Angelescu, este lunes el Instituto Nacional de Investigaci\u00f3n y Desarrollo Pesquero (INIDEP) puso en marcha la campa\u00f1a de prueba y calibraci\u00f3n de aparejos de pesca de arrastre a utilizar en la embarcaci\u00f3n del organismo. Con el Ing. Franco Rubio como responsable cient\u00edfico, a lo largo<\/p>\n","protected":false},"author":4,"featured_media":7395,"comment_status":"open","ping_status":"open","sticky":false,"template":"","format":"standard","meta":{"om_disable_all_campaigns":false,"_monsterinsights_skip_tracking":false,"_monsterinsights_sitenote_active":false,"_monsterinsights_sitenote_note":"","_monsterinsights_sitenote_category":0,"footnotes":""},"categories":[9],"tags":[1274,1273,91,163],"class_list":{"0":"post-7394","1":"post","2":"type-post","3":"status-publish","4":"format-standard","5":"has-post-thumbnail","7":"category-actualidad","8":"tag-aparejos-de-pesca","9":"tag-bipo-angelesculesc","10":"tag-featured","11":"tag-inidep"},"aioseo_notices":[],"amp_enabled":true,"_links":{"self":[{"href":"https:\/\/partedepesca.com.ar\/d\/wp-json\/wp\/v2\/posts\/7394","targetHints":{"allow":["GET"]}}],"collection":[{"href":"https:\/\/partedepesca.com.ar\/d\/wp-json\/wp\/v2\/posts"}],"about":[{"href":"https:\/\/partedepesca.com.ar\/d\/wp-json\/wp\/v2\/types\/post"}],"author":[{"embeddable":true,"href":"https:\/\/partedepesca.com.ar\/d\/wp-json\/wp\/v2\/users\/4"}],"replies":[{"embeddable":true,"href":"https:\/\/partedepesca.com.ar\/d\/wp-json\/wp\/v2\/comments?post=7394"}],"version-history":[{"count":1,"href":"https:\/\/partedepesca.com.ar\/d\/wp-json\/wp\/v2\/posts\/7394\/revisions"}],"predecessor-version":[{"id":7396,"href":"https:\/\/partedepesca.com.ar\/d\/wp-json\/wp\/v2\/posts\/7394\/revisions\/7396"}],"wp:featuredmedia":[{"embeddable":true,"href":"https:\/\/partedepesca.com.ar\/d\/wp-json\/wp\/v2\/media\/7395"}],"wp:attachment":[{"href":"https:\/\/partedepesca.com.ar\/d\/wp-json\/wp\/v2\/media?parent=7394"}],"wp:term":[{"taxonomy":"category","embeddable":true,"href":"https:\/\/partedepesca.com.ar\/d\/wp-json\/wp\/v2\/categories?post=7394"},{"taxonomy":"post_tag","embeddable":true,"href":"https:\/\/partedepesca.com.ar\/d\/wp-json\/wp\/v2\/tags?post=7394"}],"curies":[{"name":"wp","href":"https:\/\/api.w.org\/{rel}","templated":true}]}}