{"id":7085,"date":"2024-05-09T10:53:00","date_gmt":"2024-05-09T10:53:00","guid":{"rendered":"https:\/\/partedepesca.com.ar\/d\/?p=7085"},"modified":"2024-05-10T07:55:30","modified_gmt":"2024-05-10T07:55:30","slug":"oceanpro-demandaria-a-asudepes-por-incumplimientos-contractuales","status":"publish","type":"post","link":"https:\/\/partedepesca.com.ar\/d\/oceanpro-demandaria-a-asudepes-por-incumplimientos-contractuales\/","title":{"rendered":"OceanPro demandar\u00eda a Asudepes por incumplimientos contractuales"},"content":{"rendered":"\n<p>Tras una extensa controversia comercial, la compa\u00f1\u00eda OceanPro iniciar\u00eda acciones contra la firma Asudepes de capitales coreanos, que opera en Mar del Plata y tiene sede en la Ciudad Aut\u00f3noma de Buenos Aires.<\/p>\n\n\n\n<p>Se trata de operaciones que datar\u00edan desde 2022, cuando OceanPro con sede en Hong Kong compr\u00f3 determinada cantidad de contenedores de calamar Illex argentinus a Asudepes, realiz\u00f3 los desembolsos correspondientes por la transacci\u00f3n, pero la mercader\u00eda no lleg\u00f3 completa a destino.<\/p>\n\n\n\n<p>OceanPro habr\u00eda pagado a Asudepes, la compra del calamar, transfiriendo a una sociedad denominada La Selena, que tiene sede en las mismas oficinas de Asudepes en Capital Federal, pero a cuentas offshore en Panam\u00e1; un pa\u00eds considerado para\u00edso fiscal.<\/p>\n\n\n\n<p>En el \u00e1mbito de la industria del calamar trascendi\u00f3 que no ser\u00eda la \u00fanica operaci\u00f3n con dificultades, sino que otras empresas tambi\u00e9n habr\u00edan sido afectadas por circunstancias similares y eval\u00faan los pasos a seguir.<\/p>\n\n\n\n<p>Ante el incumplimiento por parte de la vendedora de la mercader\u00eda, la compradora inici\u00f3 gestiones administrativas para recuperar las toneladas de calamar que nunca fueron despachadas desde Argentina, o en su defecto, se devuelva lo percibido.<\/p>\n\n\n\n<p>Desde Asudepes habr\u00edan comprometido a resolver la situaci\u00f3n pagando el saldo en controversia con nueva mercader\u00eda, pero los recurrentes compromisos habr\u00edan sido incumplidos, por lo que la conducci\u00f3n de la compa\u00f1\u00eda OceanPro resolvi\u00f3 abrir la v\u00eda judicial para dirimir la cuesti\u00f3n en los tribunales civiles y comerciales de la ciudad de Buenos Aires. La situaci\u00f3n escala al punto que <a href=\"https:\/\/www.oceanprofoods.com\/\">OceanPro<\/a> \u201cespera que m\u00e1s compradores que hayan sufrido el mismo problema proporcionen informaci\u00f3n para ser ayudados. Una vez cerrado el caso, reporte el incidente a la embajada, as\u00ed como a las aduanas chinas\u201d, hicieron trascender.<\/p>\n","protected":false},"excerpt":{"rendered":"<p>Tras una extensa controversia comercial, la compa\u00f1\u00eda OceanPro iniciar\u00eda acciones contra la firma Asudepes de capitales coreanos, que opera en Mar del Plata y tiene sede en la Ciudad Aut\u00f3noma de Buenos Aires. Se trata de operaciones que datar\u00edan desde 2022, cuando OceanPro con sede en Hong Kong compr\u00f3 determinada cantidad de contenedores de calamar<\/p>\n","protected":false},"author":3,"featured_media":7086,"comment_status":"open","ping_status":"open","sticky":false,"template":"","format":"standard","meta":{"om_disable_all_campaigns":false,"_monsterinsights_skip_tracking":false,"_monsterinsights_sitenote_active":false,"_monsterinsights_sitenote_note":"","_monsterinsights_sitenote_category":0,"footnotes":""},"categories":[9],"tags":[1200,726,1203,900,91,1202,1201],"class_list":{"0":"post-7085","1":"post","2":"type-post","3":"status-publish","4":"format-standard","5":"has-post-thumbnail","7":"category-actualidad","8":"tag-asudepes","9":"tag-calamar","10":"tag-demanda","11":"tag-exportaciones","12":"tag-featured","13":"tag-incumplimientos-contractuales","14":"tag-oceanpro"},"aioseo_notices":[],"amp_enabled":true,"_links":{"self":[{"href":"https:\/\/partedepesca.com.ar\/d\/wp-json\/wp\/v2\/posts\/7085","targetHints":{"allow":["GET"]}}],"collection":[{"href":"https:\/\/partedepesca.com.ar\/d\/wp-json\/wp\/v2\/posts"}],"about":[{"href":"https:\/\/partedepesca.com.ar\/d\/wp-json\/wp\/v2\/types\/post"}],"author":[{"embeddable":true,"href":"https:\/\/partedepesca.com.ar\/d\/wp-json\/wp\/v2\/users\/3"}],"replies":[{"embeddable":true,"href":"https:\/\/partedepesca.com.ar\/d\/wp-json\/wp\/v2\/comments?post=7085"}],"version-history":[{"count":1,"href":"https:\/\/partedepesca.com.ar\/d\/wp-json\/wp\/v2\/posts\/7085\/revisions"}],"predecessor-version":[{"id":7087,"href":"https:\/\/partedepesca.com.ar\/d\/wp-json\/wp\/v2\/posts\/7085\/revisions\/7087"}],"wp:featuredmedia":[{"embeddable":true,"href":"https:\/\/partedepesca.com.ar\/d\/wp-json\/wp\/v2\/media\/7086"}],"wp:attachment":[{"href":"https:\/\/partedepesca.com.ar\/d\/wp-json\/wp\/v2\/media?parent=7085"}],"wp:term":[{"taxonomy":"category","embeddable":true,"href":"https:\/\/partedepesca.com.ar\/d\/wp-json\/wp\/v2\/categories?post=7085"},{"taxonomy":"post_tag","embeddable":true,"href":"https:\/\/partedepesca.com.ar\/d\/wp-json\/wp\/v2\/tags?post=7085"}],"curies":[{"name":"wp","href":"https:\/\/api.w.org\/{rel}","templated":true}]}}