{"id":6987,"date":"2024-04-29T10:45:00","date_gmt":"2024-04-29T10:45:00","guid":{"rendered":"https:\/\/partedepesca.com.ar\/d\/?p=6987"},"modified":"2024-04-30T17:34:31","modified_gmt":"2024-04-30T17:34:31","slug":"santa-cruz-patea-el-tablero-y-genera-roces-con-chubut-reflotando-viejos-antagonismos","status":"publish","type":"post","link":"https:\/\/partedepesca.com.ar\/d\/santa-cruz-patea-el-tablero-y-genera-roces-con-chubut-reflotando-viejos-antagonismos\/","title":{"rendered":"Santa Cruz patea el tablero y genera roces con Chubut reflotando viejos antagonismos"},"content":{"rendered":"\n<p>La provincia de Santa Cruz planea llevar adelante una prospecci\u00f3n de langostino dentro del Golfo San Jorge al dejar sin efecto el acuerdo que manten\u00eda con Chubut para administrar en forma conjunta ese caladero que tiene especies tranzonales. Reabre un debate de hace dos d\u00e9cadas. Un gran aporte a la involuci\u00f3n.<\/p>\n\n\n\n<p>La administraci\u00f3n provincial que conduce Claudio Vidal en poco m\u00e1s de cien d\u00edas tuvo serios altibajos en su gabinete con internas y salidas de varios funcionarios, en el marco de un variopinto acuerdo con m\u00faltiples sectores pol\u00edticos que le permitieron ganar la elecci\u00f3n y terminar con d\u00e9cadas de kirchnerismo.<\/p>\n\n\n\n<p>Adem\u00e1s de estar enfrentado con la Casa Rosada y amagar no firmar el Pacto de Mayo, ahora tambi\u00e9n provoc\u00f3 la objeci\u00f3n de Chubut en cuanto a la unilateral idea de llevar a cabo un relevamiento con barcos comerciales sobre la especie langost\u00edn dentro de la jurisdicci\u00f3n provincial.<\/p>\n\n\n\n<figure class=\"wp-block-image size-large\"><a href=\"https:\/\/partedepesca.com.ar\/d\/wp-content\/uploads\/2024\/04\/claudio-vidal-santa-cruz-gobernador.jpg\"><img fetchpriority=\"high\" decoding=\"async\" width=\"1024\" height=\"679\" src=\"https:\/\/partedepesca.com.ar\/d\/wp-content\/uploads\/2024\/04\/claudio-vidal-santa-cruz-gobernador-1024x679.jpg\" alt=\"\" class=\"wp-image-6991\" srcset=\"https:\/\/partedepesca.com.ar\/d\/wp-content\/uploads\/2024\/04\/claudio-vidal-santa-cruz-gobernador-1024x679.jpg 1024w, https:\/\/partedepesca.com.ar\/d\/wp-content\/uploads\/2024\/04\/claudio-vidal-santa-cruz-gobernador-300x199.jpg 300w, https:\/\/partedepesca.com.ar\/d\/wp-content\/uploads\/2024\/04\/claudio-vidal-santa-cruz-gobernador-768x509.jpg 768w, https:\/\/partedepesca.com.ar\/d\/wp-content\/uploads\/2024\/04\/claudio-vidal-santa-cruz-gobernador-150x99.jpg 150w, https:\/\/partedepesca.com.ar\/d\/wp-content\/uploads\/2024\/04\/claudio-vidal-santa-cruz-gobernador-450x298.jpg 450w, https:\/\/partedepesca.com.ar\/d\/wp-content\/uploads\/2024\/04\/claudio-vidal-santa-cruz-gobernador-1200x795.jpg 1200w, https:\/\/partedepesca.com.ar\/d\/wp-content\/uploads\/2024\/04\/claudio-vidal-santa-cruz-gobernador.jpg 1533w\" sizes=\"(max-width: 1024px) 100vw, 1024px\" \/><\/a><figcaption class=\"wp-element-caption\">Enfrentado con el Gobierno nacional, Claudio Vidal ahora tambi\u00e9n rompe acuerdos con Chubut<\/figcaption><\/figure>\n\n\n\n<p>El Acuerdo del Golfo firmado en 2006 por ambas provincias establece que se adoptar\u00e1n medidas de manejo conjunto sobre las pesquer\u00edas, y desde 2018 se fij\u00f3 una veda permanente sobre la especie Pleoticus muelleri por el lapso de cinco a\u00f1os que venci\u00f3 el a\u00f1o pasado. Sobre el final de la anterior administraci\u00f3n, en las \u00faltimas sesiones del Consejo Federal Pesquero, la entonces representante de Santa Cruz en el organismo Lucrecia Bravo plante\u00f3 una pr\u00f3rroga de ese acuerdo, pero hasta el 31 de marzo, de modo que las nuevas autoridades electas tuvieran las manos libres para disponer al respecto.<\/p>\n\n\n\n<p>Desde el sector privado se observa con preocupaci\u00f3n la primera medida que toda la gesti\u00f3n de Claudio Vidal, a trav\u00e9s de su secretario de Pesca, Harold Bark, que adem\u00e1s de romper el convenio interjurisdiccional, pretende imponer por la fuerza que las empresas all\u00ed radicadas tengan la obligaci\u00f3n de desembarcar determinada cantidad de capturas en puertos santacruce\u00f1os.<\/p>\n\n\n\n<p>Una normativa similar ten\u00eda Chubut d\u00e9cadas atr\u00e1s y que fuera declarada inconstitucional por parte de la Corte Suprema de Justicia de la Naci\u00f3n, por lo que los grupos empresarios con inversiones en Santa Cruz podr\u00edan reevaluar su continuidad en esas latitudes ante tama\u00f1a inseguridad jur\u00eddica que plantea la provincia. En las \u00faltimas horas hubo varias reuniones para analizar estas medias y, un estricto hermetismo, se analizan alternativas jur\u00eddicas al golpe de tim\u00f3n del Gobierno del sindicalista petrolero.<\/p>\n","protected":false},"excerpt":{"rendered":"<p>La provincia de Santa Cruz planea llevar adelante una prospecci\u00f3n de langostino dentro del Golfo San Jorge al dejar sin efecto el acuerdo que manten\u00eda con Chubut para administrar en forma conjunta ese caladero que tiene especies tranzonales. Reabre un debate de hace dos d\u00e9cadas. Un gran aporte a la involuci\u00f3n. La administraci\u00f3n provincial que<\/p>\n","protected":false},"author":3,"featured_media":6988,"comment_status":"open","ping_status":"open","sticky":false,"template":"","format":"standard","meta":{"om_disable_all_campaigns":false,"_monsterinsights_skip_tracking":false,"_monsterinsights_sitenote_active":false,"_monsterinsights_sitenote_note":"","_monsterinsights_sitenote_category":0,"footnotes":""},"categories":[9],"tags":[1160,91,504,367],"class_list":{"0":"post-6987","1":"post","2":"type-post","3":"status-publish","4":"format-standard","5":"has-post-thumbnail","7":"category-actualidad","8":"tag-convenio-del-golfo","9":"tag-featured","10":"tag-golfo-san-jorge","11":"tag-pesqueria-de-langostino"},"aioseo_notices":[],"amp_enabled":true,"_links":{"self":[{"href":"https:\/\/partedepesca.com.ar\/d\/wp-json\/wp\/v2\/posts\/6987","targetHints":{"allow":["GET"]}}],"collection":[{"href":"https:\/\/partedepesca.com.ar\/d\/wp-json\/wp\/v2\/posts"}],"about":[{"href":"https:\/\/partedepesca.com.ar\/d\/wp-json\/wp\/v2\/types\/post"}],"author":[{"embeddable":true,"href":"https:\/\/partedepesca.com.ar\/d\/wp-json\/wp\/v2\/users\/3"}],"replies":[{"embeddable":true,"href":"https:\/\/partedepesca.com.ar\/d\/wp-json\/wp\/v2\/comments?post=6987"}],"version-history":[{"count":3,"href":"https:\/\/partedepesca.com.ar\/d\/wp-json\/wp\/v2\/posts\/6987\/revisions"}],"predecessor-version":[{"id":6993,"href":"https:\/\/partedepesca.com.ar\/d\/wp-json\/wp\/v2\/posts\/6987\/revisions\/6993"}],"wp:featuredmedia":[{"embeddable":true,"href":"https:\/\/partedepesca.com.ar\/d\/wp-json\/wp\/v2\/media\/6988"}],"wp:attachment":[{"href":"https:\/\/partedepesca.com.ar\/d\/wp-json\/wp\/v2\/media?parent=6987"}],"wp:term":[{"taxonomy":"category","embeddable":true,"href":"https:\/\/partedepesca.com.ar\/d\/wp-json\/wp\/v2\/categories?post=6987"},{"taxonomy":"post_tag","embeddable":true,"href":"https:\/\/partedepesca.com.ar\/d\/wp-json\/wp\/v2\/tags?post=6987"}],"curies":[{"name":"wp","href":"https:\/\/api.w.org\/{rel}","templated":true}]}}