{"id":6962,"date":"2024-04-25T09:40:05","date_gmt":"2024-04-25T09:40:05","guid":{"rendered":"https:\/\/partedepesca.com.ar\/d\/?p=6962"},"modified":"2024-04-26T09:34:58","modified_gmt":"2024-04-26T09:34:58","slug":"creemos-que-no-va-a-ser-un-ano-de-buenos-precios-advirtio-basavilbaso-de-iberconsa","status":"publish","type":"post","link":"https:\/\/partedepesca.com.ar\/d\/creemos-que-no-va-a-ser-un-ano-de-buenos-precios-advirtio-basavilbaso-de-iberconsa\/","title":{"rendered":"\u201cCreemos que no va a ser un a\u00f1o de buenos precios\u201d, advirti\u00f3 Basavilbaso de Iberconsa"},"content":{"rendered":"\n<p>El CEO del Grupo Iberconsa en Argentina, Juan Pablo Basavilbaso, analiz\u00f3 el contexto de la industria en la actual coyuntura global de mercados y el escenario econ\u00f3mico del pa\u00eds. La Seafood Expo Global de Barcelona permite echar un poco de claridad en cuanto a c\u00f3mo se mueven los precios y los niveles de demanda de los productos pesqueros.<\/p>\n\n\n\n<p>\u201cEs una feria muy importante donde el empresariado argentino siempre trata de estar presente en la previa al inicio de la temporada de langostino, que nos da un poco de la visi\u00f3n de como viene el mercado. Es un a\u00f1o con incertidumbre, creemos que no va a ser un a\u00f1o de buenos precios, pero con la expectativa que tengamos buenas capturas y que podamos llevar adelante la temporada en forma \u00edntegra\u201d, evalu\u00f3 el ejecutivo en contacto con <strong>PARTE DE PESCA<\/strong>.<\/p>\n\n\n\n<p>El panorama muestra que \u201cno hay excedentes de stocks, pero tampoco tenemos grandes niveles de pedidos. El mercado est\u00e1 tranquilo y se viene comportando de una manera m\u00e1s err\u00e1tica en los \u00faltimos a\u00f1os. Es decir, los compradores no est\u00e1n tan ansiosos por el langostino argentino y esperan que las empresas ya hayan empezado a pescar para asegurarse sus productos y no como lo hac\u00edan antes que lo reservaban previamente\u201d, detall\u00f3 sobre la din\u00e1mica que presenta la comercializaci\u00f3n.<\/p>\n\n\n\n<p>En el marco de las condiciones que impone el mercado, hay coincidencias en cuanto a que la producci\u00f3n acu\u00edcola de camar\u00f3n, en vol\u00famenes geom\u00e9tricos, pisa los precios. \u201cClaramente el vannamei son productos que si bien son extremadamente distintos y la calidad de nuestro langostino es muy superior, el mercado lo ve como un complementario. Tal vez, nosotros no supimos o no pudimos despegarlos. Hoy, lamentablemente, siendo productos distintos, si el vannamei tiene sobreproducci\u00f3n como este a\u00f1o, hace que baje el precio y nos arrastre hacia abajo&#8221;, grafic\u00f3.<\/p>\n\n\n\n<p>Asimismo, Juan Pablo Basavilbaso reconoci\u00f3 que \u201cla situaci\u00f3n de las variables econ\u00f3micas de Argentina nos preocupa. Vimos con buenos ojos la devaluaci\u00f3n, pero la inflaci\u00f3n de los \u00faltimos meses ya nos ha equiparado a niveles del a\u00f1o pasado. El atraso cambiario que ya se empieza a registrar nos preocupa para los meses que vienen. Vemos como muy valioso que se intente controlar la inflaci\u00f3n, pero sin una nueva devaluaci\u00f3n se nos va a complicar la econom\u00eda de las empresas\u201d, concluy\u00f3.<\/p>\n","protected":false},"excerpt":{"rendered":"<p>El CEO del Grupo Iberconsa en Argentina, Juan Pablo Basavilbaso, analiz\u00f3 el contexto de la industria en la actual coyuntura global de mercados y el escenario econ\u00f3mico del pa\u00eds. La Seafood Expo Global de Barcelona permite echar un poco de claridad en cuanto a c\u00f3mo se mueven los precios y los niveles de demanda de<\/p>\n","protected":false},"author":3,"featured_media":6963,"comment_status":"open","ping_status":"open","sticky":false,"template":"","format":"standard","meta":{"om_disable_all_campaigns":false,"_monsterinsights_skip_tracking":false,"_monsterinsights_sitenote_active":false,"_monsterinsights_sitenote_note":"","_monsterinsights_sitenote_category":0,"footnotes":""},"categories":[9],"tags":[91,252,1149,1150],"class_list":{"0":"post-6962","1":"post","2":"type-post","3":"status-publish","4":"format-standard","5":"has-post-thumbnail","7":"category-actualidad","8":"tag-featured","9":"tag-iberconsa","10":"tag-juan-pablo-basavilbaso","11":"tag-langostino-vannamei"},"aioseo_notices":[],"amp_enabled":true,"_links":{"self":[{"href":"https:\/\/partedepesca.com.ar\/d\/wp-json\/wp\/v2\/posts\/6962","targetHints":{"allow":["GET"]}}],"collection":[{"href":"https:\/\/partedepesca.com.ar\/d\/wp-json\/wp\/v2\/posts"}],"about":[{"href":"https:\/\/partedepesca.com.ar\/d\/wp-json\/wp\/v2\/types\/post"}],"author":[{"embeddable":true,"href":"https:\/\/partedepesca.com.ar\/d\/wp-json\/wp\/v2\/users\/3"}],"replies":[{"embeddable":true,"href":"https:\/\/partedepesca.com.ar\/d\/wp-json\/wp\/v2\/comments?post=6962"}],"version-history":[{"count":1,"href":"https:\/\/partedepesca.com.ar\/d\/wp-json\/wp\/v2\/posts\/6962\/revisions"}],"predecessor-version":[{"id":6964,"href":"https:\/\/partedepesca.com.ar\/d\/wp-json\/wp\/v2\/posts\/6962\/revisions\/6964"}],"wp:featuredmedia":[{"embeddable":true,"href":"https:\/\/partedepesca.com.ar\/d\/wp-json\/wp\/v2\/media\/6963"}],"wp:attachment":[{"href":"https:\/\/partedepesca.com.ar\/d\/wp-json\/wp\/v2\/media?parent=6962"}],"wp:term":[{"taxonomy":"category","embeddable":true,"href":"https:\/\/partedepesca.com.ar\/d\/wp-json\/wp\/v2\/categories?post=6962"},{"taxonomy":"post_tag","embeddable":true,"href":"https:\/\/partedepesca.com.ar\/d\/wp-json\/wp\/v2\/tags?post=6962"}],"curies":[{"name":"wp","href":"https:\/\/api.w.org\/{rel}","templated":true}]}}