{"id":6959,"date":"2024-04-25T09:35:30","date_gmt":"2024-04-25T09:35:30","guid":{"rendered":"https:\/\/partedepesca.com.ar\/d\/?p=6959"},"modified":"2024-04-26T09:34:49","modified_gmt":"2024-04-26T09:34:49","slug":"redini-la-pesca-de-calamar-en-malvinas-hizo-que-caigan-los-precios","status":"publish","type":"post","link":"https:\/\/partedepesca.com.ar\/d\/redini-la-pesca-de-calamar-en-malvinas-hizo-que-caigan-los-precios\/","title":{"rendered":"Redini: \u201cLa pesca de calamar en Malvinas hizo que caigan los precios\u201d"},"content":{"rendered":"\n<p>El presidente de la C\u00e1mara de Armadores Poteros Argentinos (CAPA), Juan Redini, traz\u00f3 un panorama de c\u00f3mo ha evolucionado la actual zafra de la especie Illex argentinus y el impacto que tiene en los mercados internacionales el nivel de capturas que realiza la flota que explota licencias en Malvinas.<\/p>\n\n\n\n<p>Admite que la campa\u00f1a en curso ha sido mejor que la anterior por el volumen capturado, pero a la luz de lo que refleja la Seafood Expo Global de Barcelona, los valores muestran una tendencia a la baja<\/p>\n\n\n\n<p>\u201cEn lo que respecta a calamar siguen cayendo los precios. La pesca en Malvinas que ya lleva pescadas m\u00e1s de 100.000 toneladas hizo que China quede en stand by para la compra de nuestros productos\u201d, sintetiz\u00f3 sobre los efectos de esa pesquer\u00eda.<\/p>\n\n\n\n<p>\u201cHoy China no est\u00e1 comprando, los mercados est\u00e1n quietos. Veremos c\u00f3mo evoluciona la zona norte nuestra que est\u00e1 vidriosa. Se est\u00e1 pescando entre diez y quince toneladas, hubo mucho temporal que nos complica, as\u00ed que el panorama es raro\u201d, revel\u00f3 el presidente de pesquera Buena Vista desde la Feria de Barcelona.<\/p>\n\n\n\n<p>Y, en lo que refiere a las variables econ\u00f3micas, \u201cel d\u00f3lar est\u00e1 planchado, los costos son cada vez m\u00e1s grandes y la inflaci\u00f3n sigue subiendo y eso nos empez\u00f3 a dificultar en el d\u00eda a d\u00eda\u201d, advirti\u00f3 Redini<\/p>\n\n\n\n<p>\u201cEn lo que tiene que ver con capturas arrancamos muy bien, se llevan pescadas m\u00e1s de 140 mil toneladas entre poteros y arrastreros, y el a\u00f1o se pescaron 175 mil toneladas en todo el a\u00f1o, as\u00ed que estimamos que va a ser un mejor a\u00f1o el actual\u201d, consider\u00f3 el titular de CAPA.<\/p>\n\n\n\n<p>\u201cEs bueno haber arrancado con ese nivel de capturas, lo que viene no sabemos que es lo que va a pasar, pero al menos haber hecho un buen inicio nos deja tranquilos, a diferencia del a\u00f1o pasado que si no sal\u00edan esas dos mareas al norte, no lleg\u00e1bamos a agosto\u201d, record\u00f3.<\/p>\n","protected":false},"excerpt":{"rendered":"<p>El presidente de la C\u00e1mara de Armadores Poteros Argentinos (CAPA), Juan Redini, traz\u00f3 un panorama de c\u00f3mo ha evolucionado la actual zafra de la especie Illex argentinus y el impacto que tiene en los mercados internacionales el nivel de capturas que realiza la flota que explota licencias en Malvinas. Admite que la campa\u00f1a en curso<\/p>\n","protected":false},"author":3,"featured_media":6960,"comment_status":"open","ping_status":"open","sticky":false,"template":"","format":"standard","meta":{"om_disable_all_campaigns":false,"_monsterinsights_skip_tracking":false,"_monsterinsights_sitenote_active":false,"_monsterinsights_sitenote_note":"","_monsterinsights_sitenote_category":0,"footnotes":""},"categories":[9],"tags":[204,91,546,386,1148],"class_list":{"0":"post-6959","1":"post","2":"type-post","3":"status-publish","4":"format-standard","5":"has-post-thumbnail","7":"category-actualidad","8":"tag-capa","9":"tag-featured","10":"tag-illex-argentinus","11":"tag-juan-redini","12":"tag-zafra-calamar"},"aioseo_notices":[],"amp_enabled":true,"_links":{"self":[{"href":"https:\/\/partedepesca.com.ar\/d\/wp-json\/wp\/v2\/posts\/6959","targetHints":{"allow":["GET"]}}],"collection":[{"href":"https:\/\/partedepesca.com.ar\/d\/wp-json\/wp\/v2\/posts"}],"about":[{"href":"https:\/\/partedepesca.com.ar\/d\/wp-json\/wp\/v2\/types\/post"}],"author":[{"embeddable":true,"href":"https:\/\/partedepesca.com.ar\/d\/wp-json\/wp\/v2\/users\/3"}],"replies":[{"embeddable":true,"href":"https:\/\/partedepesca.com.ar\/d\/wp-json\/wp\/v2\/comments?post=6959"}],"version-history":[{"count":1,"href":"https:\/\/partedepesca.com.ar\/d\/wp-json\/wp\/v2\/posts\/6959\/revisions"}],"predecessor-version":[{"id":6961,"href":"https:\/\/partedepesca.com.ar\/d\/wp-json\/wp\/v2\/posts\/6959\/revisions\/6961"}],"wp:featuredmedia":[{"embeddable":true,"href":"https:\/\/partedepesca.com.ar\/d\/wp-json\/wp\/v2\/media\/6960"}],"wp:attachment":[{"href":"https:\/\/partedepesca.com.ar\/d\/wp-json\/wp\/v2\/media?parent=6959"}],"wp:term":[{"taxonomy":"category","embeddable":true,"href":"https:\/\/partedepesca.com.ar\/d\/wp-json\/wp\/v2\/categories?post=6959"},{"taxonomy":"post_tag","embeddable":true,"href":"https:\/\/partedepesca.com.ar\/d\/wp-json\/wp\/v2\/tags?post=6959"}],"curies":[{"name":"wp","href":"https:\/\/api.w.org\/{rel}","templated":true}]}}