{"id":6939,"date":"2024-04-24T05:51:39","date_gmt":"2024-04-24T05:51:39","guid":{"rendered":"https:\/\/partedepesca.com.ar\/d\/?p=6939"},"modified":"2024-04-25T09:47:55","modified_gmt":"2024-04-25T09:47:55","slug":"solimeno-no-creo-que-tengamos-un-repunte-de-los-precios","status":"publish","type":"post","link":"https:\/\/partedepesca.com.ar\/d\/solimeno-no-creo-que-tengamos-un-repunte-de-los-precios\/","title":{"rendered":"Solimeno: \u201cNo creo que tengamos un repunte de los precios\u201d"},"content":{"rendered":"\n<p>El empresario marplatense <strong>Antonio \u201cTony\u201d Solimeno<\/strong> estuvo presente en la inauguraci\u00f3n del pabell\u00f3n \u2018Mar Argentino, salvaje y austral\u2019 en la <strong>Seafood Expo Global de Barcelona<\/strong> y analiz\u00f3 la situaci\u00f3n del sector y estim\u00f3 en base a su experiencia que los mercados volver\u00e1n a reactivarse en cuanto a demanda, pero que los precios seguir\u00e1n planchados.<\/p>\n\n\n\n<p>\u201cEsta es una feria internacional donde hay concurrentes de muchas partes del mundo y <strong>en mi opini\u00f3n es la feria m\u00e1s importante tanto para los productores como para los consumidores\u201d<\/strong>, evalu\u00f3 el titular del Grupo Solimeno en declaraciones a <strong>PARTE DE PESCA<\/strong>.<\/p>\n\n\n\n<p>Record\u00f3 que anteriormente se realizaba en Bruselas y en los \u00faltimos a\u00f1os en Barcelona. <strong>\u201cEs una feria muy importante para Argentina<\/strong> que cada a\u00f1o tiene una gran concurrencia. Cuando uno viene a este tipo de eventos no lo hace solo para venir a vender o comprar, se ven las nuevas tendencias de los mercados\u201d, describi\u00f3.<\/p>\n\n\n\n<p>El veterano y experimentado empresario que la Seafood Expo Global \u201cpermite ver c\u00f3mo evolucionan los productos en otros pa\u00edses, que tipo de nuevos productos entraron a los mercados, y nos aporta conocimiento\u201d, sostuvo.<\/p>\n\n\n\n<p>Al profundizar sobre el contexto comercial dijo que <strong>\u201chay una retracci\u00f3n a nivel mundial y no es solo para la pesca. Los mercados son as\u00ed<\/strong>, son din\u00e1micos y van cambiando entrando en nuevos esquemas, pero yo pienso que es coyuntural. <strong>Hoy se podr\u00eda decir que los mercados est\u00e1n estables\u201d<\/strong>, describi\u00f3 Solimeno.<\/p>\n\n\n\n<p>\u201cNosotros venimos y mostramos lo que tenemos para ofrecer y <strong>hoy observamos una demanda moderada\u201d,<\/strong> sintetiz\u00f3 el empresario marplatense, pero sostiene que esa situaci\u00f3n es temporal y estima que en alg\u00fan momento volver\u00e1 a repuntar.<\/p>\n\n\n\n<p>\u201cEsto se va moviendo de acuerdo a la oferta y la demanda, y la estacionalidad. Ahora vivimos en un mundo ultracomunicado, las informaciones vuelan, por eso a veces parece que los mercados se planchan y despu\u00e9s despegan. <strong>La retracci\u00f3n del mercado es coyuntural\u201d<\/strong>, interpret\u00f3.<\/p>\n\n\n\n<p>Por otro lado, analiz\u00f3 las perspectivas de la pr\u00f3xima temporada de langostino en aguas nacionales dentro del \u00c1rea de Veda Permanente de Juveniles de Merluza (AVPJM) y dijo que \u201ctenemos que ser optimistas y que la pesca venga bien. Es cierto que <strong>los mercados est\u00e1n muy tranquilos, y creo que los precios que bajaron van a quedar ah\u00ed <\/strong>estabilizados. En mi opini\u00f3n <strong>no creo que tengamos un repunte de los precios<\/strong>, van a quedar ah\u00ed\u201d, analiz\u00f3 el marplatense.<\/p>\n","protected":false},"excerpt":{"rendered":"<p>El empresario marplatense Antonio \u201cTony\u201d Solimeno estuvo presente en la inauguraci\u00f3n del pabell\u00f3n \u2018Mar Argentino, salvaje y austral\u2019 en la Seafood Expo Global de Barcelona y analiz\u00f3 la situaci\u00f3n del sector y estim\u00f3 en base a su experiencia que los mercados volver\u00e1n a reactivarse en cuanto a demanda, pero que los precios seguir\u00e1n planchados. \u201cEsta<\/p>\n","protected":false},"author":3,"featured_media":6941,"comment_status":"open","ping_status":"open","sticky":false,"template":"","format":"standard","meta":{"om_disable_all_campaigns":false,"_monsterinsights_skip_tracking":false,"_monsterinsights_sitenote_active":false,"_monsterinsights_sitenote_note":"","_monsterinsights_sitenote_category":0,"footnotes":""},"categories":[9],"tags":[665,91,1137,1136,1121],"class_list":{"0":"post-6939","1":"post","2":"type-post","3":"status-publish","4":"format-standard","5":"has-post-thumbnail","7":"category-actualidad","8":"tag-antonio-solimeno","9":"tag-featured","10":"tag-retraccion-de-los-mercados","11":"tag-retraccion-mercados","12":"tag-seafood-expo-global-2024"},"aioseo_notices":[],"amp_enabled":true,"_links":{"self":[{"href":"https:\/\/partedepesca.com.ar\/d\/wp-json\/wp\/v2\/posts\/6939","targetHints":{"allow":["GET"]}}],"collection":[{"href":"https:\/\/partedepesca.com.ar\/d\/wp-json\/wp\/v2\/posts"}],"about":[{"href":"https:\/\/partedepesca.com.ar\/d\/wp-json\/wp\/v2\/types\/post"}],"author":[{"embeddable":true,"href":"https:\/\/partedepesca.com.ar\/d\/wp-json\/wp\/v2\/users\/3"}],"replies":[{"embeddable":true,"href":"https:\/\/partedepesca.com.ar\/d\/wp-json\/wp\/v2\/comments?post=6939"}],"version-history":[{"count":1,"href":"https:\/\/partedepesca.com.ar\/d\/wp-json\/wp\/v2\/posts\/6939\/revisions"}],"predecessor-version":[{"id":6942,"href":"https:\/\/partedepesca.com.ar\/d\/wp-json\/wp\/v2\/posts\/6939\/revisions\/6942"}],"wp:featuredmedia":[{"embeddable":true,"href":"https:\/\/partedepesca.com.ar\/d\/wp-json\/wp\/v2\/media\/6941"}],"wp:attachment":[{"href":"https:\/\/partedepesca.com.ar\/d\/wp-json\/wp\/v2\/media?parent=6939"}],"wp:term":[{"taxonomy":"category","embeddable":true,"href":"https:\/\/partedepesca.com.ar\/d\/wp-json\/wp\/v2\/categories?post=6939"},{"taxonomy":"post_tag","embeddable":true,"href":"https:\/\/partedepesca.com.ar\/d\/wp-json\/wp\/v2\/tags?post=6939"}],"curies":[{"name":"wp","href":"https:\/\/api.w.org\/{rel}","templated":true}]}}