{"id":6897,"date":"2024-04-17T22:47:25","date_gmt":"2024-04-17T22:47:25","guid":{"rendered":"https:\/\/partedepesca.com.ar\/d\/?p=6897"},"modified":"2024-04-19T06:05:19","modified_gmt":"2024-04-19T06:05:19","slug":"pediran-explicaciones-al-jefe-de-gabinete-por-el-no-funcionamiento-del-consejo-federal-pesquero","status":"publish","type":"post","link":"https:\/\/partedepesca.com.ar\/d\/pediran-explicaciones-al-jefe-de-gabinete-por-el-no-funcionamiento-del-consejo-federal-pesquero\/","title":{"rendered":"Pedir\u00e1n explicaciones al Jefe de Gabinete por el no funcionamiento del Consejo Federal Pesquero"},"content":{"rendered":"\n<p>La senadora nacional de Chubut, Edith Terenzi (UCR), insiste con la solicitud al Poder Ejecutivo Nacional para que designe los miembros que lo representar\u00e1n en el Consejo Federal Pesquero, requisito necesario para que \u00e9ste retome su normal funcionamiento.<\/p>\n\n\n\n<p>La legisladora chubutense adelant\u00f3 que le preguntar\u00e1 al Jefe de Gabinete de Ministros, Ing. Nicol\u00e1s Posse, por este tema durante el Informe de Gesti\u00f3n que est\u00e1 previsto en el Senado en las pr\u00f3ximas semanas.<\/p>\n\n\n\n<p>El pedido de conformaci\u00f3n lo realiza a trav\u00e9s de un proyecto de comunicaci\u00f3n, luego de enviar, el pasado 25 de marzo pasado, dos notas con similar requerimiento; al Sr. secretario de Bioeconom\u00eda de la Naci\u00f3n, Fernando Vilella, y al subsecretario de Pesca, Juan Antonio L\u00f3pez Cazorla.<\/p>\n\n\n\n<p>La legisladora remarc\u00f3 que \u201cel funcionamiento y las reuniones peri\u00f3dicas que realiza el Consejo son cruciales operativa y jur\u00eddicamente, ya que, por ejemplo, por las atribuciones que el mismo tiene, los procesos de certificaci\u00f3n de las pesquer\u00edas se ponen en riesgo, y ocurre lo mismo con las pesquer\u00edas ya certificadas\u201d.<\/p>\n\n\n\n<p>Dentro de las funciones del Consejo Federal Pesquero se encuentra el establecimiento de la pol\u00edtica pesquera nacional, de la pol\u00edtica de investigaci\u00f3n pesquera, determinar la captura m\u00e1xima permisible por especie, como tambi\u00e9n las cuotas de captura anual por buque, por especie, por zona de pesca y por tipo de flota, entre otras.<\/p>\n\n\n\n<p>\u201cLa importancia de las funciones que detenta el Consejo Federal Pesquero es lo que le otorga la urgencia a este pedido. Lamentablemente, el Poder Ejecutivo est\u00e1 haciendo o\u00eddos sordos, pero insistiremos con todas las herramientas legales que poseemos. El sector y la pol\u00edtica pesquera argentina lo necesitan\u201d, agreg\u00f3.<\/p>\n","protected":false},"excerpt":{"rendered":"<p>La senadora nacional de Chubut, Edith Terenzi (UCR), insiste con la solicitud al Poder Ejecutivo Nacional para que designe los miembros que lo representar\u00e1n en el Consejo Federal Pesquero, requisito necesario para que \u00e9ste retome su normal funcionamiento. La legisladora chubutense adelant\u00f3 que le preguntar\u00e1 al Jefe de Gabinete de Ministros, Ing. Nicol\u00e1s Posse, por<\/p>\n","protected":false},"author":4,"featured_media":6898,"comment_status":"open","ping_status":"open","sticky":false,"template":"","format":"standard","meta":{"om_disable_all_campaigns":false,"_monsterinsights_skip_tracking":false,"_monsterinsights_sitenote_active":false,"_monsterinsights_sitenote_note":"","_monsterinsights_sitenote_category":0,"footnotes":""},"categories":[9],"tags":[223,91,1112,657,1111,1110],"class_list":{"0":"post-6897","1":"post","2":"type-post","3":"status-publish","4":"format-standard","5":"has-post-thumbnail","7":"category-actualidad","8":"tag-consejo-federal-pesquero","9":"tag-featured","10":"tag-jefe-de-gabinete","11":"tag-ley-federal-de-pesca","12":"tag-nicolas-posse","13":"tag-senadora-terenzi"},"aioseo_notices":[],"amp_enabled":true,"_links":{"self":[{"href":"https:\/\/partedepesca.com.ar\/d\/wp-json\/wp\/v2\/posts\/6897","targetHints":{"allow":["GET"]}}],"collection":[{"href":"https:\/\/partedepesca.com.ar\/d\/wp-json\/wp\/v2\/posts"}],"about":[{"href":"https:\/\/partedepesca.com.ar\/d\/wp-json\/wp\/v2\/types\/post"}],"author":[{"embeddable":true,"href":"https:\/\/partedepesca.com.ar\/d\/wp-json\/wp\/v2\/users\/4"}],"replies":[{"embeddable":true,"href":"https:\/\/partedepesca.com.ar\/d\/wp-json\/wp\/v2\/comments?post=6897"}],"version-history":[{"count":1,"href":"https:\/\/partedepesca.com.ar\/d\/wp-json\/wp\/v2\/posts\/6897\/revisions"}],"predecessor-version":[{"id":6899,"href":"https:\/\/partedepesca.com.ar\/d\/wp-json\/wp\/v2\/posts\/6897\/revisions\/6899"}],"wp:featuredmedia":[{"embeddable":true,"href":"https:\/\/partedepesca.com.ar\/d\/wp-json\/wp\/v2\/media\/6898"}],"wp:attachment":[{"href":"https:\/\/partedepesca.com.ar\/d\/wp-json\/wp\/v2\/media?parent=6897"}],"wp:term":[{"taxonomy":"category","embeddable":true,"href":"https:\/\/partedepesca.com.ar\/d\/wp-json\/wp\/v2\/categories?post=6897"},{"taxonomy":"post_tag","embeddable":true,"href":"https:\/\/partedepesca.com.ar\/d\/wp-json\/wp\/v2\/tags?post=6897"}],"curies":[{"name":"wp","href":"https:\/\/api.w.org\/{rel}","templated":true}]}}