{"id":6835,"date":"2024-04-12T11:04:52","date_gmt":"2024-04-12T11:04:52","guid":{"rendered":"https:\/\/partedepesca.com.ar\/d\/?p=6835"},"modified":"2024-04-16T01:26:09","modified_gmt":"2024-04-16T01:26:09","slug":"gremios-maritimos-y-pesqueros-adheriran-al-paro-del-9m","status":"publish","type":"post","link":"https:\/\/partedepesca.com.ar\/d\/gremios-maritimos-y-pesqueros-adheriran-al-paro-del-9m\/","title":{"rendered":"Gremios mar\u00edtimos y pesqueros adherir\u00e1n al paro del 9M"},"content":{"rendered":"\n<p>La CGT lanz\u00f3 un paro general para el pr\u00f3ximo 9 de mayo contra el gobierno de Javier Milei. Lo hizo un d\u00eda despu\u00e9s del c\u00f3nclave que mantuvieron con autoridades en Casa Rosada. Los sindicatos de la actividad mar\u00edtima, portuaria y pesquera prev\u00e9n adherir a la medida de fuerza de la central obrera, en diferentes modalidades.<\/p>\n\n\n\n<p>Adem\u00e1s de convocar al paro, el consejo directivo cegetista resolvi\u00f3 hacer una movilizaci\u00f3n a Plaza de Mayo para el 1\u00b0 de mayo durante el D\u00eda del Trabajador en protesta contra las pol\u00edticas del Gobierno.<\/p>\n\n\n\n<p>Ser\u00e1, en rigor, el segundo paro de la CGT contra la gesti\u00f3n libertaria, tras el que se llev\u00f3 a cabo el 24 de enero y que tuvo movilizaciones en varios puntos del pa\u00eds, si bien la marcha central se dio en la plaza frente al Congreso Nacional. Aquel fue de apenas 12 horas, mientras que este ser\u00eda de 24 horas, por el ajuste econ\u00f3mico y los despidos de estatales como planteos centrales.<\/p>\n\n\n\n<p>El Sindicato de Obreros Mar\u00edtimos Unidos (SOMU) acompa\u00f1a la medida de la CGT, entre otras cuestiones, por la posible restituci\u00f3n del Impuesto a las Ganancias de la cuarta categor\u00eda que afecta a la totalidad de los marineros.<\/p>\n\n\n\n<p>\u201cNos encontramos en una encrucijada en la que no podemos permanecer indiferentes. El reciente anuncio del Gobierno de Javier Milei sobre la imposici\u00f3n del impuesto a las ganancias nos ha dejado con un sabor amargo y una profunda inquietud\u201d, dijeron desde el gremio. \u201cComo trabajadores mar\u00edtimos de la pesca, hemos dedicado nuestras vidas a garantizar el funcionamiento de una de las industrias m\u00e1s importantes para nuestra naci\u00f3n. Nuestro esfuerzo, dedicaci\u00f3n y sacrificio no pueden ser subestimados. Sin embargo, parece que una vez m\u00e1s somos los llamados a cargar con un peso adicional que, francamente, resulta injusto.<\/p>\n\n\n\n<p>No estamos en contra de contribuir al bienestar de nuestra sociedad, pero creemos firmemente que esta carga impositiva pone en peligro nuestra estabilidad econ\u00f3mica y la de nuestras familias\u201d, cuestion\u00f3 el sindicato de marineros.<\/p>\n\n\n\n<p>Por su parte, el Sindicato de los Conductores Navales (SICONARA), ya se hab\u00eda declarado en \u201cestado de alerta y movilizaci\u00f3n\u201d, como una respuesta anticipada al proyecto de Ley que el Gobierno argentino pretende sobre una reforma fiscal, donde est\u00e1 incluido el \u201cImpuesto a las Ganancias\u201d.<\/p>\n\n\n\n<p>Sostienen que es una amenaza inminente para \u201cconfiscar una importante parte de los salarios de los trabajadores en general y en particular de los que se desempe\u00f1an en el \u00e1mbito mar\u00edtimo en particular\u201d, seg\u00fan argumentan.<\/p>\n\n\n\n<p>El gremio de los conductores navales y maquinistas advirti\u00f3 que \u201ccuando cre\u00edamos haber limitado en impacto que significa el mal llamado Impuesto a las Ganancias mediante los acuerdos firmados en los distintos sectores de la actividad mar\u00edtima reaparece el fantasma de la confiscaci\u00f3n del salario de los trabajadores de la mano de un nuevo proyecto de reforma fiscal que el Poder ejecutivo Nacional present\u00f3 en el Congreso\u201d.<\/p>\n\n\n\n<p>En tanto, el STIA Chubut que integra la CGT del Valle ya hab\u00eda anticipado que podr\u00eda haber una medida de fuerza en protesta de las pol\u00edticas implementadas por el gobierno central.<\/p>\n\n\n\n<p>&#8220;Vuelven a hacer esta presentaci\u00f3n&#8221;, dijeron en referencia a Ganancias que &#8220;el propio Presidente vot\u00f3 a favor de la eliminaci\u00f3n de la cuarta categor\u00eda, que hoy vuelve a estar en el tapete con un m\u00ednimo no imponible que no es un monto que alcance a una peque\u00f1a franja de los trabajadores&#8221;, mencionaron desde el STIA.<\/p>\n\n\n\n<p>\u201cTeniendo en cuenta que hay actividades que estaban alcanzadas y pudieron discutir salarios, por lo cual algunos sectores productivos de la Patagonia, muchos volver\u00edan a pagar y otros tambi\u00e9n empezar\u00edan a pagar&#8221;, anticiparon sobre los alcances que tendr\u00e1 el tributo.<\/p>\n\n\n\n<p>Es por eso que remarc\u00f3 que &#8220;rechazamos que vuelva a imponerse el impuesto al trabajo&#8221;, al tiempo que confirmaron que a nivel nacional habr\u00e1 el 1\u00ba de Mayo una movilizaci\u00f3n.<\/p>\n","protected":false},"excerpt":{"rendered":"<p>La CGT lanz\u00f3 un paro general para el pr\u00f3ximo 9 de mayo contra el gobierno de Javier Milei. Lo hizo un d\u00eda despu\u00e9s del c\u00f3nclave que mantuvieron con autoridades en Casa Rosada. Los sindicatos de la actividad mar\u00edtima, portuaria y pesquera prev\u00e9n adherir a la medida de fuerza de la central obrera, en diferentes modalidades.<\/p>\n","protected":false},"author":4,"featured_media":6836,"comment_status":"open","ping_status":"open","sticky":false,"template":"","format":"standard","meta":{"om_disable_all_campaigns":false,"_monsterinsights_skip_tracking":false,"_monsterinsights_sitenote_active":false,"_monsterinsights_sitenote_note":"","_monsterinsights_sitenote_category":0,"footnotes":""},"categories":[9],"tags":[1030,647,91,180,200,534,177,179,441],"class_list":{"0":"post-6835","1":"post","2":"type-post","3":"status-publish","4":"format-standard","5":"has-post-thumbnail","7":"category-actualidad","8":"tag-9-de-mayo","9":"tag-cgt","10":"tag-featured","11":"tag-impuesto-a-las-ganancias","12":"tag-paro-nacional","13":"tag-reforma-laboral","14":"tag-siconara","15":"tag-somu","16":"tag-stia"},"aioseo_notices":[],"amp_enabled":true,"_links":{"self":[{"href":"https:\/\/partedepesca.com.ar\/d\/wp-json\/wp\/v2\/posts\/6835","targetHints":{"allow":["GET"]}}],"collection":[{"href":"https:\/\/partedepesca.com.ar\/d\/wp-json\/wp\/v2\/posts"}],"about":[{"href":"https:\/\/partedepesca.com.ar\/d\/wp-json\/wp\/v2\/types\/post"}],"author":[{"embeddable":true,"href":"https:\/\/partedepesca.com.ar\/d\/wp-json\/wp\/v2\/users\/4"}],"replies":[{"embeddable":true,"href":"https:\/\/partedepesca.com.ar\/d\/wp-json\/wp\/v2\/comments?post=6835"}],"version-history":[{"count":1,"href":"https:\/\/partedepesca.com.ar\/d\/wp-json\/wp\/v2\/posts\/6835\/revisions"}],"predecessor-version":[{"id":6837,"href":"https:\/\/partedepesca.com.ar\/d\/wp-json\/wp\/v2\/posts\/6835\/revisions\/6837"}],"wp:featuredmedia":[{"embeddable":true,"href":"https:\/\/partedepesca.com.ar\/d\/wp-json\/wp\/v2\/media\/6836"}],"wp:attachment":[{"href":"https:\/\/partedepesca.com.ar\/d\/wp-json\/wp\/v2\/media?parent=6835"}],"wp:term":[{"taxonomy":"category","embeddable":true,"href":"https:\/\/partedepesca.com.ar\/d\/wp-json\/wp\/v2\/categories?post=6835"},{"taxonomy":"post_tag","embeddable":true,"href":"https:\/\/partedepesca.com.ar\/d\/wp-json\/wp\/v2\/tags?post=6835"}],"curies":[{"name":"wp","href":"https:\/\/api.w.org\/{rel}","templated":true}]}}