{"id":6717,"date":"2024-03-26T13:34:58","date_gmt":"2024-03-26T13:34:58","guid":{"rendered":"https:\/\/partedepesca.com.ar\/d\/?p=6717"},"modified":"2024-03-27T11:48:08","modified_gmt":"2024-03-27T11:48:08","slug":"ate-pospuso-el-paro-en-senasa-ante-un-llamado-del-gobierno","status":"publish","type":"post","link":"https:\/\/partedepesca.com.ar\/d\/ate-pospuso-el-paro-en-senasa-ante-un-llamado-del-gobierno\/","title":{"rendered":"ATE pospuso el paro en SENASA ante un llamado del Gobierno"},"content":{"rendered":"\n<p>El secretario General de ATE Nacional, <strong>Rodolfo Aguiar<\/strong>, comunic\u00f3 este martes por la ma\u00f1ana que se resolv\u00eda postergar el inicio de medidas de fuerza en el SENASA. El paro hab\u00eda sido ratificado ayer, pero <strong>\u201cante el llamado de las autoridades del organismo y como muestra de buena voluntad hemos decidido aplazar la medida <\/strong>de fuerza de 2 d\u00edas que \u00edbamos a iniciar durante la jornada de hoy\u201d.<\/p>\n\n\n\n<p>Aguiar agreg\u00f3 que \u201ctiene que quedar claro que el Gobierno debe brindar respuestas positivas a todas las demandas de los trabajadores y <strong>ponerle fin a la incertidumbre de los despidos\u201d<\/strong>, reclam\u00f3 como uno de los puntos centrales que llevar\u00e1n a las reuniones que fueron convocados los sindicatos.<\/p>\n\n\n\n<p><strong>\u201cNo vamos a tolerar ninguna cesant\u00eda ilegal e injustificada\u201d<\/strong>, enfatiz\u00f3 el dirigente de ATE Nacional y anticip\u00f3 que \u201csi no se garantiza la plena estabilidad de todos los contratados, una vez concluido el fin de semana largo retomaremos todo nuestro plan de acci\u00f3n\u201d, condicion\u00f3.<\/p>\n\n\n\n<p>ATE hab\u00eda planeado movilizarse hoy hasta la sede de la Secretar\u00eda de Agricultura, Ganader\u00eda y Pesca; ahora se abre un impase de di\u00e1logo con el Gobierno.<\/p>\n","protected":false},"excerpt":{"rendered":"<p>El secretario General de ATE Nacional, Rodolfo Aguiar, comunic\u00f3 este martes por la ma\u00f1ana que se resolv\u00eda postergar el inicio de medidas de fuerza en el SENASA. El paro hab\u00eda sido ratificado ayer, pero \u201cante el llamado de las autoridades del organismo y como muestra de buena voluntad hemos decidido aplazar la medida de fuerza<\/p>\n","protected":false},"author":3,"featured_media":6718,"comment_status":"open","ping_status":"open","sticky":false,"template":"","format":"standard","meta":{"om_disable_all_campaigns":false,"_monsterinsights_skip_tracking":false,"_monsterinsights_sitenote_active":false,"_monsterinsights_sitenote_note":"","_monsterinsights_sitenote_category":0,"footnotes":""},"categories":[9],"tags":[552,554,91,947,336],"class_list":{"0":"post-6717","1":"post","2":"type-post","3":"status-publish","4":"format-standard","5":"has-post-thumbnail","7":"category-actualidad","8":"tag-ate","9":"tag-despidos","10":"tag-featured","11":"tag-secretaria-de-agricultura","12":"tag-senasa"},"aioseo_notices":[],"amp_enabled":true,"_links":{"self":[{"href":"https:\/\/partedepesca.com.ar\/d\/wp-json\/wp\/v2\/posts\/6717","targetHints":{"allow":["GET"]}}],"collection":[{"href":"https:\/\/partedepesca.com.ar\/d\/wp-json\/wp\/v2\/posts"}],"about":[{"href":"https:\/\/partedepesca.com.ar\/d\/wp-json\/wp\/v2\/types\/post"}],"author":[{"embeddable":true,"href":"https:\/\/partedepesca.com.ar\/d\/wp-json\/wp\/v2\/users\/3"}],"replies":[{"embeddable":true,"href":"https:\/\/partedepesca.com.ar\/d\/wp-json\/wp\/v2\/comments?post=6717"}],"version-history":[{"count":1,"href":"https:\/\/partedepesca.com.ar\/d\/wp-json\/wp\/v2\/posts\/6717\/revisions"}],"predecessor-version":[{"id":6719,"href":"https:\/\/partedepesca.com.ar\/d\/wp-json\/wp\/v2\/posts\/6717\/revisions\/6719"}],"wp:featuredmedia":[{"embeddable":true,"href":"https:\/\/partedepesca.com.ar\/d\/wp-json\/wp\/v2\/media\/6718"}],"wp:attachment":[{"href":"https:\/\/partedepesca.com.ar\/d\/wp-json\/wp\/v2\/media?parent=6717"}],"wp:term":[{"taxonomy":"category","embeddable":true,"href":"https:\/\/partedepesca.com.ar\/d\/wp-json\/wp\/v2\/categories?post=6717"},{"taxonomy":"post_tag","embeddable":true,"href":"https:\/\/partedepesca.com.ar\/d\/wp-json\/wp\/v2\/tags?post=6717"}],"curies":[{"name":"wp","href":"https:\/\/api.w.org\/{rel}","templated":true}]}}