{"id":6704,"date":"2024-03-26T08:26:28","date_gmt":"2024-03-26T08:26:28","guid":{"rendered":"https:\/\/partedepesca.com.ar\/d\/?p=6704"},"modified":"2024-04-05T06:45:27","modified_gmt":"2024-04-05T06:45:27","slug":"ratificaron-paro-en-senasa-y-peligran-operaciones-de-comercio-exterior","status":"publish","type":"post","link":"https:\/\/partedepesca.com.ar\/d\/ratificaron-paro-en-senasa-y-peligran-operaciones-de-comercio-exterior\/","title":{"rendered":"Ratificaron paro en SENASA y peligran operaciones de comercio exterior"},"content":{"rendered":"\n<p>Fracas\u00f3 el intento del Gobierno de frenar las medidas de fuerza. La administraci\u00f3n de Javier Milei convoc\u00f3 de urgencia a los estatales a paritarias nacionales en v\u00edsperas de las medidas de fuerza que preparaba el sector. Desde la Asociaci\u00f3n de Trabajadores del Estado (ATE) rechazaron el ofrecimiento que formul\u00f3 el Gobierno en el encuentro y anunciaron que no dar\u00e1n marcha atr\u00e1s con el paro nacional dispuesto para este martes y mi\u00e9rcoles. <strong>Al mediod\u00eda habr\u00e1 movilizaci\u00f3n y protesta en la sede de la Secretar\u00eda de Agricultura, en Paseo Col\u00f3n al 900 en CABA<\/strong>.<\/p>\n\n\n\n<p>&#8220;Esta propuesta del Gobierno es inaceptable. Con esta decisi\u00f3n, el Gobierno empuja a la pobreza a decenas de miles de estatales&#8221;, dijo el secretario general de ATE Nacional, Rodolfo Aguiar. Desde Naci\u00f3n ofrecieron un aumento del 8% que los estatales consideraron insuficiente para frenar la medida de fuerza.<strong> El otro sindicato, la Uni\u00f3n Personal Civil de la Naci\u00f3n (UPCN), acept\u00f3 el porcentaje.<\/strong><\/p>\n\n\n\n<p>Los estatales llamaron a un nuevo paro nacional en la administraci\u00f3n p\u00fablica para esta semana, en rechazo a la tanda masiva de despidos que temen para el 31 de marzo. Sin di\u00e1logo con la Casa Rosada, y tras los \u00faltimos cierres de organismos anunciados desde el Ejecutivo, en ATE se convocaron en una reuni\u00f3n del Consejo Directivo Nacional la semana pasada para ponerle fecha a la huelga y qu\u00e9 acciones llevar\u00e1n adelante en la jornada.<\/p>\n\n\n\n<p>&#8220;Si Milei quiere conflicto, conflicto tendr\u00e1&#8221;, indic\u00f3 Aguiar, secretario general del sindicato. Y a\u00f1adi\u00f3: &#8220;Los despidos son inminentes. Si no reaccionamos y profundizamos nuestro plan de lucha, en las pr\u00f3ximas horas estaremos frente a un escenario de cesant\u00edas masivas.&#8221;<\/p>\n\n\n\n<p>En paralelo, y ante la <strong>alerta de una baja del 30% del personal del Servicio Nacional de Sanidad y Calidad Agroalimentaria (SENASA)<\/strong>, se declar\u00f3 un paro de 48 horas en el organismo para este <strong>martes 26 y el mi\u00e9rcoles 27 de marzo que paralizar\u00eda las exportaciones y controles sanitarios en todo el pa\u00eds.<\/strong><\/p>\n\n\n\n<p>Este martes, ATE realizar\u00e1 una Jornada Nacional de Protesta, que incluir\u00e1 a las 12 un acto frente a la Secretar\u00eda de Agricultura, Ganader\u00eda y Pesca (Av. Paseo Col\u00f3n al 900, CABA).<\/p>\n\n\n\n<figure class=\"wp-block-image size-full\"><a href=\"https:\/\/partedepesca.com.ar\/d\/wp-content\/uploads\/2024\/03\/paseo-colon-900.jpg\"><img fetchpriority=\"high\" decoding=\"async\" width=\"800\" height=\"534\" src=\"https:\/\/partedepesca.com.ar\/d\/wp-content\/uploads\/2024\/03\/paseo-colon-900.jpg\" alt=\"\" class=\"wp-image-6709\" srcset=\"https:\/\/partedepesca.com.ar\/d\/wp-content\/uploads\/2024\/03\/paseo-colon-900.jpg 800w, https:\/\/partedepesca.com.ar\/d\/wp-content\/uploads\/2024\/03\/paseo-colon-900-300x200.jpg 300w, https:\/\/partedepesca.com.ar\/d\/wp-content\/uploads\/2024\/03\/paseo-colon-900-768x513.jpg 768w, https:\/\/partedepesca.com.ar\/d\/wp-content\/uploads\/2024\/03\/paseo-colon-900-150x100.jpg 150w, https:\/\/partedepesca.com.ar\/d\/wp-content\/uploads\/2024\/03\/paseo-colon-900-450x300.jpg 450w\" sizes=\"(max-width: 800px) 100vw, 800px\" \/><\/a><figcaption class=\"wp-element-caption\">Este mediod\u00eda habr\u00e1 una protesta en Paseo Col\u00f3n al 900 por los despidos en diferentes \u00e1reas de Agricultura, Ganader\u00eda y Pesca<\/figcaption><\/figure>\n\n\n\n<p>Como parte de los reclamos, y ante la amenaza de despidos, este martes y mi\u00e9rcoles parar\u00e1n los trabajadores del Servicio Nacional de Sanidad y Calidad Agroalimentaria (Senasa). Se prev\u00e9 que la medida afectar\u00e1 el funcionamiento de los puertos, aeropuertos y aduanas.<\/p>\n","protected":false},"excerpt":{"rendered":"<p>Fracas\u00f3 el intento del Gobierno de frenar las medidas de fuerza. La administraci\u00f3n de Javier Milei convoc\u00f3 de urgencia a los estatales a paritarias nacionales en v\u00edsperas de las medidas de fuerza que preparaba el sector. Desde la Asociaci\u00f3n de Trabajadores del Estado (ATE) rechazaron el ofrecimiento que formul\u00f3 el Gobierno en el encuentro y<\/p>\n","protected":false},"author":3,"featured_media":6706,"comment_status":"open","ping_status":"open","sticky":false,"template":"","format":"standard","meta":{"om_disable_all_campaigns":false,"_monsterinsights_skip_tracking":false,"_monsterinsights_sitenote_active":false,"_monsterinsights_sitenote_note":"","_monsterinsights_sitenote_category":0,"footnotes":""},"categories":[9],"tags":[591,552,940,554,336],"class_list":{"0":"post-6704","1":"post","2":"type-post","3":"status-publish","4":"format-standard","5":"has-post-thumbnail","7":"category-actualidad","8":"tag-ajuste","9":"tag-ate","10":"tag-contratados","11":"tag-despidos","12":"tag-senasa"},"aioseo_notices":[],"amp_enabled":true,"_links":{"self":[{"href":"https:\/\/partedepesca.com.ar\/d\/wp-json\/wp\/v2\/posts\/6704","targetHints":{"allow":["GET"]}}],"collection":[{"href":"https:\/\/partedepesca.com.ar\/d\/wp-json\/wp\/v2\/posts"}],"about":[{"href":"https:\/\/partedepesca.com.ar\/d\/wp-json\/wp\/v2\/types\/post"}],"author":[{"embeddable":true,"href":"https:\/\/partedepesca.com.ar\/d\/wp-json\/wp\/v2\/users\/3"}],"replies":[{"embeddable":true,"href":"https:\/\/partedepesca.com.ar\/d\/wp-json\/wp\/v2\/comments?post=6704"}],"version-history":[{"count":3,"href":"https:\/\/partedepesca.com.ar\/d\/wp-json\/wp\/v2\/posts\/6704\/revisions"}],"predecessor-version":[{"id":6711,"href":"https:\/\/partedepesca.com.ar\/d\/wp-json\/wp\/v2\/posts\/6704\/revisions\/6711"}],"wp:featuredmedia":[{"embeddable":true,"href":"https:\/\/partedepesca.com.ar\/d\/wp-json\/wp\/v2\/media\/6706"}],"wp:attachment":[{"href":"https:\/\/partedepesca.com.ar\/d\/wp-json\/wp\/v2\/media?parent=6704"}],"wp:term":[{"taxonomy":"category","embeddable":true,"href":"https:\/\/partedepesca.com.ar\/d\/wp-json\/wp\/v2\/categories?post=6704"},{"taxonomy":"post_tag","embeddable":true,"href":"https:\/\/partedepesca.com.ar\/d\/wp-json\/wp\/v2\/tags?post=6704"}],"curies":[{"name":"wp","href":"https:\/\/api.w.org\/{rel}","templated":true}]}}