{"id":4959,"date":"2024-03-12T13:38:06","date_gmt":"2024-03-12T13:38:06","guid":{"rendered":"https:\/\/partedepesca.com.ar\/d\/?p=4959"},"modified":"2024-03-13T15:36:59","modified_gmt":"2024-03-13T15:36:59","slug":"insolito-y-bizarro-investigado-por-evasion-le-pide-al-congreso-una-baja-de-impuestos","status":"publish","type":"post","link":"https:\/\/partedepesca.com.ar\/d\/insolito-y-bizarro-investigado-por-evasion-le-pide-al-congreso-una-baja-de-impuestos\/","title":{"rendered":"Ins\u00f3lito y bizarro: Investigado por evasi\u00f3n le pide al Congreso una baja de impuestos"},"content":{"rendered":"\n<p>No poca sorpresa caus\u00f3 este martes en el \u00e1mbito pesquero la noticia de un proyecto de ley por el que se propone la eliminaci\u00f3n del IVA para la comercializaci\u00f3n de pescado. Una iniciativa que plantea alivio fiscal para el sector, siempre genera expectativas, salvo que el autor sea un empresario pesquero que est\u00e1 siendo investigado por la Justicia Federal por evasi\u00f3n fiscal, entre otros, presuntos delitos.<\/p>\n\n\n\n<p><strong>\u201cUna fundaci\u00f3n que preside Cereseto elev\u00f3 un proyecto de ley al Congreso para quitarle el IVA al pescado\u201d<\/strong>, titula el prestigioso portal Metadata Noticias al dar cuenta de la propuesta legislativa de la <strong>Fundaci\u00f3n Latinoamericana de Sostenibilidad Pesquera (FULASP)<\/strong>.<\/p>\n\n\n\n<p>El empresario pesquero, de la estiba, de la construcci\u00f3n y tambi\u00e9n escribidor de libros propone adem\u00e1s \u201cla incorporaci\u00f3n de pescado en los comedores escolares y beneficios impositivos y tributarios para la instalaci\u00f3n de pescader\u00edas en todo el pa\u00eds\u201d.<\/p>\n\n\n\n<p>La informaci\u00f3n rigurosa indica que <strong>el proyecto ser\u00e1 elevado en los pr\u00f3ximos d\u00edas ante la Comisi\u00f3n Permanente de Presupuesto y Hacienda de la Honorable C\u00e1mara de Diputados de la Naci\u00f3n<\/strong>, \u201csurgi\u00f3 y comenz\u00f3 a tomar forma como consecuencia del an\u00e1lisis cuantitativo de varios estudios de nivel nacional e internacional que ubican a la Argentina entre los pa\u00edses con menor consumo del mundo\u201d.<\/p>\n\n\n\n<p>Al respecto, Ra\u00fal Cereseto, presidente de la organizaci\u00f3n que encabeza el proyecto, se\u00f1al\u00f3 que \u201cla idea es que el aparato parlamentario tome conciencia de la baja o nula penetraci\u00f3n que tienen los frutos del mar en la dieta de los argentinos y que <strong>aprueben una quita del impuesto al valor agregado para lograr que los consumidores comiencen a verlos como una variante que les permita alimentarse mucho mejor<\/strong> y a un menor costo\u201d.<\/p>\n\n\n\n<p>\u201cDesde la entidad buscamos mancomunar los intereses comerciales de las industrias, que buscan obtener mejores ganancias en el mercado interno, con las verdaderas necesidades de la gente, que <strong>cada vez tiene m\u00e1s problemas para solventar las comidas diarias\u201d, dijo el empresario consustanciado con los m\u00e1s pobres y la mesa de los trabajadores<\/strong>.<\/p>\n\n\n\n<p>No obstante, cabe recordar que Cereseto est\u00e1 siendo actualmente investigado en la <strong>Justicia Federal, (expediente FCR 13886\/2020. OI 1905117; OI 17449111; OI 1900383.)<\/strong> en un caso que busca determinar una eventual evasi\u00f3n fiscal o fraude al fisco.<\/p>\n\n\n\n<p>Por otro lado, est\u00e1 se\u00f1alado en una denuncia por presunto <strong>incumplimiento de pago de aportes patronales y de la seguridad social<\/strong> a trabajadores que regentea en sus empresas de estibajes.<\/p>\n\n\n\n<p>La denuncia refiere a que los estibadores recib\u00edan un monto de salario, que era depositado por razones sociales diferentes a la de donde prestaban servicios, y en los recibos de sueldo se indicaba un monto sensiblemente menor, lo que ha provocado que muchos hoy no puedan jubilarse, por este ardid que llevar\u00eda a\u00f1os de pr\u00e1ctica en Puerto Rawson, seg\u00fan refieren los denunciantes.<\/p>\n\n\n\n<p>Ni bien el proyecto, pidiendo la quita del IVA al pescado, llegue al Congreso, <strong>es de prever que los antecedentes del autor ser\u00e1n motivo de an\u00e1lisis por parte de los parlamentarios<\/strong> y tenga inmediatas repercusiones pol\u00edticas.<\/p>\n","protected":false},"excerpt":{"rendered":"<p>No poca sorpresa caus\u00f3 este martes en el \u00e1mbito pesquero la noticia de un proyecto de ley por el que se propone la eliminaci\u00f3n del IVA para la comercializaci\u00f3n de pescado. Una iniciativa que plantea alivio fiscal para el sector, siempre genera expectativas, salvo que el autor sea un empresario pesquero que est\u00e1 siendo investigado<\/p>\n","protected":false},"author":3,"featured_media":4960,"comment_status":"open","ping_status":"open","sticky":false,"template":"","format":"standard","meta":{"om_disable_all_campaigns":false,"_monsterinsights_skip_tracking":false,"_monsterinsights_sitenote_active":false,"_monsterinsights_sitenote_note":"","_monsterinsights_sitenote_category":0,"footnotes":""},"categories":[9],"tags":[735,789,91,889,888,855],"class_list":{"0":"post-4959","1":"post","2":"type-post","3":"status-publish","4":"format-standard","5":"has-post-thumbnail","7":"category-actualidad","8":"tag-camara-de-diputados-de-la-nacion","9":"tag-evasion-fiscal","10":"tag-featured","11":"tag-fulasp","12":"tag-quita-del-iva","13":"tag-raul-cereseto"},"aioseo_notices":[],"amp_enabled":true,"_links":{"self":[{"href":"https:\/\/partedepesca.com.ar\/d\/wp-json\/wp\/v2\/posts\/4959","targetHints":{"allow":["GET"]}}],"collection":[{"href":"https:\/\/partedepesca.com.ar\/d\/wp-json\/wp\/v2\/posts"}],"about":[{"href":"https:\/\/partedepesca.com.ar\/d\/wp-json\/wp\/v2\/types\/post"}],"author":[{"embeddable":true,"href":"https:\/\/partedepesca.com.ar\/d\/wp-json\/wp\/v2\/users\/3"}],"replies":[{"embeddable":true,"href":"https:\/\/partedepesca.com.ar\/d\/wp-json\/wp\/v2\/comments?post=4959"}],"version-history":[{"count":2,"href":"https:\/\/partedepesca.com.ar\/d\/wp-json\/wp\/v2\/posts\/4959\/revisions"}],"predecessor-version":[{"id":4962,"href":"https:\/\/partedepesca.com.ar\/d\/wp-json\/wp\/v2\/posts\/4959\/revisions\/4962"}],"wp:featuredmedia":[{"embeddable":true,"href":"https:\/\/partedepesca.com.ar\/d\/wp-json\/wp\/v2\/media\/4960"}],"wp:attachment":[{"href":"https:\/\/partedepesca.com.ar\/d\/wp-json\/wp\/v2\/media?parent=4959"}],"wp:term":[{"taxonomy":"category","embeddable":true,"href":"https:\/\/partedepesca.com.ar\/d\/wp-json\/wp\/v2\/categories?post=4959"},{"taxonomy":"post_tag","embeddable":true,"href":"https:\/\/partedepesca.com.ar\/d\/wp-json\/wp\/v2\/tags?post=4959"}],"curies":[{"name":"wp","href":"https:\/\/api.w.org\/{rel}","templated":true}]}}