{"id":4893,"date":"2024-03-06T01:47:55","date_gmt":"2024-03-06T01:47:55","guid":{"rendered":"https:\/\/partedepesca.com.ar\/d\/?p=4893"},"modified":"2024-03-07T09:13:13","modified_gmt":"2024-03-07T09:13:13","slug":"comodoro-rivadavia-reclamara-una-compensacion-por-la-veda-de-langostino","status":"publish","type":"post","link":"https:\/\/partedepesca.com.ar\/d\/comodoro-rivadavia-reclamara-una-compensacion-por-la-veda-de-langostino\/","title":{"rendered":"Comodoro Rivadavia reclamar\u00e1 una \u201ccompensaci\u00f3n\u201d por la veda de langostino"},"content":{"rendered":"\n<p>El intendente de Comodoro Rivadavia, <strong>Othar Macharashvili<\/strong>, anunci\u00f3 durante la apertura de sesiones ordinarias del Concejo Deliberante que plantear\u00e1 formalmente <strong>un reclamo para que se compense a la cuidad por la imposibilidad de pescar langostino en aguas del Golfo San Jorge<\/strong>. Dijo que el tema ya lo habl\u00f3 con el gobernador de Chubut, Ignacio Torres, y revelo que <strong>la industria pesquera<\/strong> en la urbe petrolera <strong>pas\u00f3 de tener 6.500 trabajadores a solamente 1.000 en la actualidad<\/strong>.<\/p>\n\n\n\n<p>\u201cOtro tema tiene que ver con el perfil que le queremos dar a Comodoro en nuestra gesti\u00f3n, es la imperiosa necesidad de pensarnos como una ciudad atl\u00e1ntica\u201d, afirm\u00f3 el intendente durante su discurso al tiempo de se\u00f1alar que <strong>\u201cla pesca plantea un desaf\u00edo a todos los actores de la actividad en nuestra ciudad<\/strong> y debemos hacer que nuestras costas, y nuestros recursos ict\u00edcolas sean parte de nuestra ciudad y de nuestra producci\u00f3n\u201d, manifest\u00f3.<\/p>\n\n\n\n<p>Macharashvili sostuvo que \u201cestamos ante un escenario de abundancia de recursos en nuestras costas, pero no nos permiten desarrollarlo. Y es nuestro desaf\u00edo cambiar esta realidad\u201d.<\/p>\n\n\n\n<p class=\"has-vivid-cyan-blue-color has-text-color has-link-color wp-elements-4aa5b84fd8b2a5c80a801ec183fc6ea6\"><strong>CREAR\u00c1 EL CONSEJO MUNICIPAL PESQUERO<\/strong><\/p>\n\n\n\n<p>Al trazar una comparaci\u00f3n de la ca\u00edda que ha tenido la actividad de la pesca en la capital del petr\u00f3leo, precis\u00f3 que <strong>\u201chace diez a\u00f1os ten\u00edamos m\u00e1s de seis mil quinientos puestos de trabajo en las plantas pesqueras de Comodoro. Hoy tenemos, mil. <\/strong>Tenemos potencial e historia, solo resta embarcarnos a navegar hacia el futuro. Por ello, t<strong>om\u00e9 la decisi\u00f3n de crear el Consejo Municipal Pesquero <\/strong>para recuperar y potenciar la industria\u201d, comunic\u00f3 el jefe comunal.<\/p>\n\n\n\n<p>Othar Macharashvili anticip\u00f3 que solicitar\u00e1 un resarcimiento para la ciudad por el cierre de la pesquer\u00eda dentro de la jurisdicci\u00f3n del golfo. \u201cEstamos ante la veda permanente de langostino, por la cual, <strong>el golfo San Jorge presta servicios ecosist\u00e9micos a la pesca nacional, en desmedro de la actividad local. <\/strong>Por lo que corresponde una compensaci\u00f3n necesaria y vamos a luchar por ello. Insto a todos a trabajar en ello: legisladores nacionales, provinciales, <strong>y al se\u00f1or Gobernador que ya se comprometi\u00f3 a trabajar en esto\u201d<\/strong>, dio a conocer el mandatario comunal.<\/p>\n\n\n\n<p class=\"has-vivid-cyan-blue-color has-text-color has-link-color wp-elements-5a176f84d8110f649bd2a8099ee56bb0\"><strong>\u201cHOY EL PUERTO NO TIENE INJERENCIA\u201d<\/strong><\/p>\n\n\n\n<p>Por otro lado, el Intendente lament\u00f3 el escaso rol que tiene la estaci\u00f3n portuaria de esa ciudad chubutense. \u201cComodoro naci\u00f3 como una comunidad portuaria. <strong>Hoy el puerto no tiene injerencia en el desarrollo econ\u00f3mico de esta ciudad\u201d<\/strong>, admiti\u00f3. \u201cDeberemos trabajar en poner en valor este puerto, y en eso tambi\u00e9n las leyes provinciales y nacionales nos deben acompa\u00f1ar. El puerto debe ser una herramienta de transformaci\u00f3n y producci\u00f3n para la regi\u00f3n patag\u00f3nica, y eso se logra con recursos y vamos a ir a buscar lo que nos corresponde\u201d, a\u00f1adi\u00f3.<\/p>\n\n\n\n<p class=\"has-vivid-cyan-blue-color has-text-color has-link-color wp-elements-4b5fcdd11d977ed7e0f8ca1edceeb855\"><strong>EL CONSEJO FEDERAL PARALIZADO<\/strong><\/p>\n\n\n\n<p>Cabe recodar, que el Consejo Federal Pesquero aprob\u00f3, en mayo de 2018, disposiciones relativas a la gesti\u00f3n interjurisdiccional armonizada de la pesquer\u00eda de langostino, por medio de la cual se ved\u00f3 por el lapso de cinco a\u00f1os la pesquer\u00eda de esa especie dentro del Golfo San Jorge.<\/p>\n\n\n\n<p>En noviembre de 2023, la Secretar\u00eda de Pesca de la Provincia de Santa Cruz solicit\u00f3 al CFP una pr\u00f3rroga de este plazo. El pedido en ese momento se fundament\u00f3 en el inminente cambio de autoridades gubernamentales a nivel nacional y en las provincias. El CFP acept\u00f3 el pedido de Santa Cruz y decidi\u00f3 prorrogar el plazo para la ratificaci\u00f3n del compromiso de no permitir la captura de langostino en el Golfo San Jorge hasta el 30 de marzo de 2024.<\/p>\n\n\n\n<p>La pr\u00f3rroga del compromiso de no permitir la captura de langostino en el Golfo San Jorge es una medida temporal. El CFP deber\u00eda resolver si prorroga el compromiso nuevamente en marzo de 2024, o si autoriza la apertura de la pesquer\u00eda. Lo cierto es que, desde el 7 de diciembre de 2023, el organismo no ha vuelto a sesionar a pesar que ten\u00eda programado el primer encuentro para el 24 de enero del corriente. El actual subsecretario de Pesca de la Naci\u00f3n, Juan Antonio L\u00f3pez Cazzorla, es el presidente natural del CFP, sigue sin convocar al cuerpo y tampoco est\u00e1n todos sus integrantes designados.<\/p>\n","protected":false},"excerpt":{"rendered":"<p>El intendente de Comodoro Rivadavia, Othar Macharashvili, anunci\u00f3 durante la apertura de sesiones ordinarias del Concejo Deliberante que plantear\u00e1 formalmente un reclamo para que se compense a la cuidad por la imposibilidad de pescar langostino en aguas del Golfo San Jorge. Dijo que el tema ya lo habl\u00f3 con el gobernador de Chubut, Ignacio Torres,<\/p>\n","protected":false},"author":3,"featured_media":4894,"comment_status":"open","ping_status":"open","sticky":false,"template":"","format":"standard","meta":{"om_disable_all_campaigns":false,"_monsterinsights_skip_tracking":false,"_monsterinsights_sitenote_active":false,"_monsterinsights_sitenote_note":"","_monsterinsights_sitenote_category":0,"footnotes":""},"categories":[9],"tags":[317,223,91,504,152,835],"class_list":{"0":"post-4893","1":"post","2":"type-post","3":"status-publish","4":"format-standard","5":"has-post-thumbnail","7":"category-actualidad","8":"tag-comodoro-rivadavia","9":"tag-consejo-federal-pesquero","10":"tag-featured","11":"tag-golfo-san-jorge","12":"tag-langostino","13":"tag-othar-macharashvili"},"aioseo_notices":[],"amp_enabled":true,"_links":{"self":[{"href":"https:\/\/partedepesca.com.ar\/d\/wp-json\/wp\/v2\/posts\/4893","targetHints":{"allow":["GET"]}}],"collection":[{"href":"https:\/\/partedepesca.com.ar\/d\/wp-json\/wp\/v2\/posts"}],"about":[{"href":"https:\/\/partedepesca.com.ar\/d\/wp-json\/wp\/v2\/types\/post"}],"author":[{"embeddable":true,"href":"https:\/\/partedepesca.com.ar\/d\/wp-json\/wp\/v2\/users\/3"}],"replies":[{"embeddable":true,"href":"https:\/\/partedepesca.com.ar\/d\/wp-json\/wp\/v2\/comments?post=4893"}],"version-history":[{"count":2,"href":"https:\/\/partedepesca.com.ar\/d\/wp-json\/wp\/v2\/posts\/4893\/revisions"}],"predecessor-version":[{"id":4896,"href":"https:\/\/partedepesca.com.ar\/d\/wp-json\/wp\/v2\/posts\/4893\/revisions\/4896"}],"wp:featuredmedia":[{"embeddable":true,"href":"https:\/\/partedepesca.com.ar\/d\/wp-json\/wp\/v2\/media\/4894"}],"wp:attachment":[{"href":"https:\/\/partedepesca.com.ar\/d\/wp-json\/wp\/v2\/media?parent=4893"}],"wp:term":[{"taxonomy":"category","embeddable":true,"href":"https:\/\/partedepesca.com.ar\/d\/wp-json\/wp\/v2\/categories?post=4893"},{"taxonomy":"post_tag","embeddable":true,"href":"https:\/\/partedepesca.com.ar\/d\/wp-json\/wp\/v2\/tags?post=4893"}],"curies":[{"name":"wp","href":"https:\/\/api.w.org\/{rel}","templated":true}]}}