{"id":4850,"date":"2024-03-01T10:12:36","date_gmt":"2024-03-01T10:12:36","guid":{"rendered":"https:\/\/partedepesca.com.ar\/d\/?p=4850"},"modified":"2024-03-02T02:07:17","modified_gmt":"2024-03-02T02:07:17","slug":"impondran-multas-millonarias-a-quienes-protesten-con-quema-de-cubiertas-en-rawson","status":"publish","type":"post","link":"https:\/\/partedepesca.com.ar\/d\/impondran-multas-millonarias-a-quienes-protesten-con-quema-de-cubiertas-en-rawson\/","title":{"rendered":"Aplicar\u00e1n multas millonarias a quienes protesten con quema de cubiertas en Rawson"},"content":{"rendered":"\n<p>La Comisi\u00f3n de Hacienda del Concejo Deliberante de Rawson le dio despacho favorable al proyecto de ordenanza que establece multas para quienes lleven adelante quema de cubiertas y otros elementos combustibles en la v\u00eda p\u00fablica, iniciativa que impuls\u00f3 el edil Juan Flores Revillot (JxC)<\/p>\n\n\n\n<p>As\u00ed lo inform\u00f3 el presidente de dicha comisi\u00f3n permanente, Mauro Mart\u00ednez Holley precisando que los niveles de multa est\u00e1n divididos en particulares y personas jur\u00eddicas u organizaciones.<\/p>\n\n\n\n<p>Para las primeras el valor se fij\u00f3 entre 500 a 1000 unidades fijas que se cotizan al precio de un litro de nafta s\u00faper de estaci\u00f3n de bandera nacional (YPF).<\/p>\n\n\n\n<p>Para personas jur\u00eddicas el valor de la multa se eleva de 5000 a 10.000 unidades fijas. Esta prevista la figura de la reincidencia &#8211; dentro del plazo de los tres a\u00f1os-, donde para particulares se incrementa de 1000 a 2000 UF y de 10 mil a 20 mil UF&nbsp;<\/p>\n\n\n\n<p>Haciendo las cuentas correspondientes al valor de $ 642 -est\u00e1 previsto un nuevo incremento- la multa por 500 unidades fijas tendr\u00eda un costo aproximado de $321 mil en el caso de particulares o $ 642 mil si se aplica el valor m\u00e1ximo de 1000 unidades fijas.<\/p>\n\n\n\n<p>Si se trata de personas jur\u00eddicas y organizaciones el valor de la multa por primera vez va de 5.000 unidades a 10.000 lo que significa, entre $ 3.200.000 a $ 6.420.000 y en caso de reincidencia estos valores ascender\u00e1n de $ 6.420.000 a $12.840.000.<\/p>\n\n\n\n<p>Mart\u00ednez Holley explic\u00f3 que el esp\u00edritu de la norma est\u00e1 referido a preservar la salud y el medio ambiente de la poblaci\u00f3n para no exponerlos a acciones contaminantes y da\u00f1inas a la salud.<\/p>\n\n\n\n<p>\u201cEsto genera pasivos ambientales muy graves \u2013sostuvo-, nosotros como ciudad capital somos el centro de la protesta y la idea es ordenar y tratar de evitar males mayores\u201d, explic\u00f3.<\/p>\n\n\n\n<p>Cabe se\u00f1alar que este despacho ser\u00e1 abordado por el pleno del Concejo Deliberante el pr\u00f3ximo mi\u00e9rcoles en ocasi\u00f3n de la segunda sesi\u00f3n del presente per\u00edodo<\/p>\n\n\n\n<p>En los \u00faltimos a\u00f1os, la actividad pesquera ha sido una de las principales promotoras de accionar de este tipo, donde para visibilizar los reclamos recurre a la quema de neum\u00e1ticos, corte de rutas y afectaci\u00f3n de terceros. A pesar que se sabe de lo extremadamente peligroso que representa para la salud de las personas la inhalaci\u00f3n de los humos de caucho, contin\u00faa siendo una modalidad que apelan las entidades sindicales en la mayor\u00eda de las protestas p\u00fablicas. <\/p>\n\n\n\n<p>El esp\u00edritu del proyecto de ordenanza no es deslegitimar los reclamos que sectorialmente pudiera haber, ya que est\u00e1n consagrados por la Constituci\u00f3n Nacional, pero s\u00ed concientizar respecto a que los derechos de unos no pueden ser ejercidos en detrimento de los derechos de los dem\u00e1s.<\/p>\n","protected":false},"excerpt":{"rendered":"<p>La Comisi\u00f3n de Hacienda del Concejo Deliberante de Rawson le dio despacho favorable al proyecto de ordenanza que establece multas para quienes lleven adelante quema de cubiertas y otros elementos combustibles en la v\u00eda p\u00fablica, iniciativa que impuls\u00f3 el edil Juan Flores Revillot (JxC) As\u00ed lo inform\u00f3 el presidente de dicha comisi\u00f3n permanente, Mauro Mart\u00ednez<\/p>\n","protected":false},"author":3,"featured_media":4851,"comment_status":"open","ping_status":"open","sticky":false,"template":"","format":"standard","meta":{"om_disable_all_campaigns":false,"_monsterinsights_skip_tracking":false,"_monsterinsights_sitenote_active":false,"_monsterinsights_sitenote_note":"","_monsterinsights_sitenote_category":0,"footnotes":""},"categories":[9],"tags":[91,810,808,807],"class_list":{"0":"post-4850","1":"post","2":"type-post","3":"status-publish","4":"format-standard","5":"has-post-thumbnail","7":"category-actualidad","8":"tag-featured","9":"tag-juan-flores-revillot","10":"tag-protesta-pesqueras","11":"tag-quema-cubiertas"},"aioseo_notices":[],"amp_enabled":true,"_links":{"self":[{"href":"https:\/\/partedepesca.com.ar\/d\/wp-json\/wp\/v2\/posts\/4850","targetHints":{"allow":["GET"]}}],"collection":[{"href":"https:\/\/partedepesca.com.ar\/d\/wp-json\/wp\/v2\/posts"}],"about":[{"href":"https:\/\/partedepesca.com.ar\/d\/wp-json\/wp\/v2\/types\/post"}],"author":[{"embeddable":true,"href":"https:\/\/partedepesca.com.ar\/d\/wp-json\/wp\/v2\/users\/3"}],"replies":[{"embeddable":true,"href":"https:\/\/partedepesca.com.ar\/d\/wp-json\/wp\/v2\/comments?post=4850"}],"version-history":[{"count":3,"href":"https:\/\/partedepesca.com.ar\/d\/wp-json\/wp\/v2\/posts\/4850\/revisions"}],"predecessor-version":[{"id":4869,"href":"https:\/\/partedepesca.com.ar\/d\/wp-json\/wp\/v2\/posts\/4850\/revisions\/4869"}],"wp:featuredmedia":[{"embeddable":true,"href":"https:\/\/partedepesca.com.ar\/d\/wp-json\/wp\/v2\/media\/4851"}],"wp:attachment":[{"href":"https:\/\/partedepesca.com.ar\/d\/wp-json\/wp\/v2\/media?parent=4850"}],"wp:term":[{"taxonomy":"category","embeddable":true,"href":"https:\/\/partedepesca.com.ar\/d\/wp-json\/wp\/v2\/categories?post=4850"},{"taxonomy":"post_tag","embeddable":true,"href":"https:\/\/partedepesca.com.ar\/d\/wp-json\/wp\/v2\/tags?post=4850"}],"curies":[{"name":"wp","href":"https:\/\/api.w.org\/{rel}","templated":true}]}}