{"id":4827,"date":"2024-02-28T08:29:21","date_gmt":"2024-02-28T08:29:21","guid":{"rendered":"https:\/\/partedepesca.com.ar\/d\/?p=4827"},"modified":"2024-03-01T10:08:12","modified_gmt":"2024-03-01T10:08:12","slug":"tras-el-fallo-favorable-torres-invito-a-milei-a-madryn-a-la-cumbre-de-gobernadores","status":"publish","type":"post","link":"https:\/\/partedepesca.com.ar\/d\/tras-el-fallo-favorable-torres-invito-a-milei-a-madryn-a-la-cumbre-de-gobernadores\/","title":{"rendered":"Tras el fallo favorable, Torres invit\u00f3 a Milei a Madryn a la cumbre de Gobernadores"},"content":{"rendered":"\n<p>Los mandatarios de las provincias patag\u00f3nicas pidieron una mesa de di\u00e1logo para construir consensos con el gobierno nacional. Y aprovecharon para invitar a Javier Milei a la cumbre del 7 de marzo en Puerto Madryn<\/p>\n\n\n\n<p>El juez federal de Rawson Hugo Ricardo Sastre le orden\u00f3 al gobierno nacional la devoluci\u00f3n de los fondos que reclama la provincia de Chubut, lo que ya despert\u00f3 en la reacci\u00f3n en el mundo pol\u00edtico, especialmente de los gobernadores que ven\u00edan enfrent\u00e1ndose ante el presidente por fondos coparticipables y del propio gobierno de Javier Milei. En ese sentido, en una conferencia de prensa en el Senado, el mandatario de dicha provincia, Ignacio Torres, celebr\u00f3 la decisi\u00f3n de la Justicia y consider\u00f3 que el tema &#8220;est\u00e1 saldado&#8221;.<\/p>\n\n\n\n<p>&#8220;Hoy hay un tema que est\u00e1 saldado. El \u00e1rbitro de esta decisi\u00f3n fue la Justicia. Despu\u00e9s el Gobierno podr\u00e1 apelar, pero el tema est\u00e1 saldado&#8221;, indic\u00f3 el mandatario chubutense al inicio de su alocuci\u00f3n. En el encuentro, el propio Torres mantuvo un rol destacado, junto con el apoyo de otros gobernadores.<\/p>\n\n\n\n<p>Los gobernadores patag\u00f3nicos pidieron este martes construir consensos para bajar la tensi\u00f3n con el gobierno nacional e invitaron al presidente Javier Milei a la cumbre de Puerto Madryn que se llevar\u00e1 a cabo el 7 de marzo. Ignacio Torres, mandatario de Chubut, dijo que la disputa por fondos &#8220;es un tema saldado&#8221;, tras el fallo judicial favorable.<\/p>\n\n\n\n<p>Ignacio Torres (Chubut), Alberto Weretilneck (R\u00edo Negro), Sergio Ziliotto (La Pampa), Rolando Figueroa (Neuqu\u00e9n) y Claudio Vidal (Santa Cruz), se mostraron juntos durante la conferencia de prensa para reflejar la unidad patag\u00f3nica ante el conflicto y propusieron construir un canal de di\u00e1logo con Naci\u00f3n para zanjar las disputas latentes y generar &#8220;consensos&#8221; en base al respeto de las provincias.<\/p>\n\n\n\n<p>A su turno, el mandatario de R\u00edo Negro, Alberto Weretilneck, en un intento de acercar posiciones, aprovech\u00f3 la ocasi\u00f3n para extenderle una invitaci\u00f3n al presidente Javier Milei a la cumbre que se realizar\u00e1 el 7 de marzo en Puerto Madryn, donde estar\u00e1n presentes mandatarios, legisladores, empresarios y trabajadores de la Patagonia.<\/p>\n\n\n\n<p>&#8220;El 7 de marzo los gobernadores de la Patagonia nos vamos a encontrar en Puerto Madryn y va a sesionar el parlamento patag\u00f3nico. Queremos invitar al Presidente de la Naci\u00f3n que visite la provincia de Chubut ese d\u00eda y va a encontrar a todos los gobernadores, legisladores, empresarios y el movimiento obrero dispuestos a dialogar&#8221;, expres\u00f3.<\/p>\n\n\n\n<p>Por otro lado, Sergio Ziliotto, mandatario de La Pampa, coincidi\u00f3 con sus pares sobre la necesidad de construir consensos ya que &#8220;la gobernabilidad es una avenida de ida y vuelta&#8221;. Y asegur\u00f3 que los gobernadores provinciales &#8220;vamos a seguir apostando a la institucionalidad&#8221;.<\/p>\n\n\n\n<p>En su alocuci\u00f3n en el Senado, el titular del Ejecutivo pampeano asegur\u00f3 que &#8220;el mandato no nos pone por encima de nadie&#8221; e insisti\u00f3 en la propuesta de apostar &#8220;por una Argentina del di\u00e1logo, el consenso y la discusi\u00f3n porque en la Argentina hace falta gobernabilidad&#8221;.<\/p>\n\n\n\n<p>Sobre el final, Rolando Figueroa, gobernador de Neuqu\u00e9n, destac\u00f3 el aporte de las provincias patag\u00f3nicas a la actividad econ\u00f3mica al se\u00f1alar que contribuyen &#8220;much\u00edsimo al Producto Bruto Interno (PBI)&#8221; del pa\u00eds&#8221; pero advirti\u00f3 que &#8220;a la hora de recibir&#8221; obtienen &#8220;la energ\u00eda m\u00e1s cara y pagando el transporte m\u00e1s caro&#8221;. &#8220;Contribuimos much\u00edsimo al PBI de nuestro pa\u00eds y muchas veces a la hora de aportar, que lo hacemos con mucho gusto porque amamos esta patria, terminamos recibiendo la energ\u00eda m\u00e1s cara, pagando el transporte m\u00e1s caro, pagando la electricidad m\u00e1s cara, mucho en fletes y m\u00e1s impuesto a las ganancias que el resto del pa\u00eds&#8221;, advirti\u00f3 Figueroa.<\/p>\n","protected":false},"excerpt":{"rendered":"<p>Los mandatarios de las provincias patag\u00f3nicas pidieron una mesa de di\u00e1logo para construir consensos con el gobierno nacional. Y aprovecharon para invitar a Javier Milei a la cumbre del 7 de marzo en Puerto Madryn El juez federal de Rawson Hugo Ricardo Sastre le orden\u00f3 al gobierno nacional la devoluci\u00f3n de los fondos que reclama<\/p>\n","protected":false},"author":3,"featured_media":4828,"comment_status":"open","ping_status":"open","sticky":false,"template":"","format":"standard","meta":{"om_disable_all_campaigns":false,"_monsterinsights_skip_tracking":false,"_monsterinsights_sitenote_active":false,"_monsterinsights_sitenote_note":"","_monsterinsights_sitenote_category":0,"footnotes":""},"categories":[9],"tags":[91],"class_list":{"0":"post-4827","1":"post","2":"type-post","3":"status-publish","4":"format-standard","5":"has-post-thumbnail","7":"category-actualidad","8":"tag-featured"},"aioseo_notices":[],"amp_enabled":true,"_links":{"self":[{"href":"https:\/\/partedepesca.com.ar\/d\/wp-json\/wp\/v2\/posts\/4827","targetHints":{"allow":["GET"]}}],"collection":[{"href":"https:\/\/partedepesca.com.ar\/d\/wp-json\/wp\/v2\/posts"}],"about":[{"href":"https:\/\/partedepesca.com.ar\/d\/wp-json\/wp\/v2\/types\/post"}],"author":[{"embeddable":true,"href":"https:\/\/partedepesca.com.ar\/d\/wp-json\/wp\/v2\/users\/3"}],"replies":[{"embeddable":true,"href":"https:\/\/partedepesca.com.ar\/d\/wp-json\/wp\/v2\/comments?post=4827"}],"version-history":[{"count":1,"href":"https:\/\/partedepesca.com.ar\/d\/wp-json\/wp\/v2\/posts\/4827\/revisions"}],"predecessor-version":[{"id":4829,"href":"https:\/\/partedepesca.com.ar\/d\/wp-json\/wp\/v2\/posts\/4827\/revisions\/4829"}],"wp:featuredmedia":[{"embeddable":true,"href":"https:\/\/partedepesca.com.ar\/d\/wp-json\/wp\/v2\/media\/4828"}],"wp:attachment":[{"href":"https:\/\/partedepesca.com.ar\/d\/wp-json\/wp\/v2\/media?parent=4827"}],"wp:term":[{"taxonomy":"category","embeddable":true,"href":"https:\/\/partedepesca.com.ar\/d\/wp-json\/wp\/v2\/categories?post=4827"},{"taxonomy":"post_tag","embeddable":true,"href":"https:\/\/partedepesca.com.ar\/d\/wp-json\/wp\/v2\/tags?post=4827"}],"curies":[{"name":"wp","href":"https:\/\/api.w.org\/{rel}","templated":true}]}}