{"id":4812,"date":"2024-02-27T11:02:59","date_gmt":"2024-02-27T11:02:59","guid":{"rendered":"https:\/\/partedepesca.com.ar\/d\/?p=4812"},"modified":"2024-02-28T08:31:13","modified_gmt":"2024-02-28T08:31:13","slug":"chubut-va-a-la-corte-por-la-coparticipacion-y-torres-no-cerrara-la-valvula-de-petroleo","status":"publish","type":"post","link":"https:\/\/partedepesca.com.ar\/d\/chubut-va-a-la-corte-por-la-coparticipacion-y-torres-no-cerrara-la-valvula-de-petroleo\/","title":{"rendered":"Chubut judicializa el reclamo y Torres no cerrar\u00e1 la v\u00e1lvula de petr\u00f3leo"},"content":{"rendered":"\n<p>El gobernador de Chubut, Ignacio Torres, encabezar\u00e1 hoy en el Congreso un <strong>encuentro clave con los diferentes mandatarios de provincias patag\u00f3nicas en la puja abierta con el gobierno de Javier Milei<\/strong>. Los patag\u00f3nico planean avanzar en la constituci\u00f3n de <strong>una empresa regional de energ\u00eda <\/strong>que les d\u00e9 mayor injerencia y fortalecer la autonom\u00eda local.<\/p>\n\n\n\n<p>La idea era anunciarlo la semana pr\u00f3xima en Puerto Madryn en la cumbre patag\u00f3nica que tendr\u00e1 lugar el 7 de marzo, pero las circunstancias habr\u00edan acelerado los tiempos y la regi\u00f3n busca herramientas para frenar los embates del poder central.<\/p>\n\n\n\n<p>La Legislatura de Chubut facult\u00f3 ayer a Torres a adoptar las medidas pertinentes que conlleven una resoluci\u00f3n del conflicto que abri\u00f3 la Casa Rosada al retener indebidamente fondos de la coparticipaci\u00f3n federal. El mandatario chubutense avis\u00f3 que <strong>no habr\u00e1 ninguna medida extrema como el cierre de v\u00e1lvulas de petr\u00f3leo<\/strong>, sino que obtenida la centralidad de la atenci\u00f3n nacional, ahora dar\u00e1 la discusi\u00f3n pol\u00edtica de fondo.<\/p>\n\n\n\n<p class=\"has-vivid-cyan-blue-color has-text-color has-link-color wp-elements-9984860ca35e56b4c325423663debbf2\"><strong>DOS ACCIONES EN MARCHA<\/strong><\/p>\n\n\n\n<p>No obstante, este lunes, Chubut interpuso dos acciones que judicializan el conflicto por las regal\u00edas. Por un lado, una <strong>&#8216;medida autosatisfactiva&#8217; ante el Juzgado Federal de Rawson,<\/strong> el mismo que la semana pasada le fall\u00f3 a favor en la pulseada por la quita de los subsidios al transporte.<\/p>\n\n\n\n<p>En tanto, la <strong>Provincia recurri\u00f3 a la Corte Suprema de Justicia de la Naci\u00f3n para plantear una cautelar para desactivar el descuento<\/strong> compulsivo de fondos de coparticipaci\u00f3n que realiz\u00f3 el Gobierno nacional respecto al cobro de la deuda del Fondo Fiduciario para el Desarrollo Provincial.<\/p>\n\n\n\n<p class=\"has-vivid-cyan-blue-color has-text-color has-link-color wp-elements-a2fe75adaae2954f3cbb21ba69a4765e\"><strong>RECHAZO A INTENTO DE DISCIPLINAMIENTO<\/strong><\/p>\n\n\n\n<p>Torres aport\u00f3 otro dato relevante y es que Chubut tiene voluntad de pago del mismo, pero no de la forma en que lo impuso la Naci\u00f3n, que a las claras no hizo lo mismo con id\u00e9ntico fondo con otras jurisdicciones, sino que es una represalia por haber judicializado y enfrentado las decisiones del Gobierno de Milei, en un intento de disciplinar a esa provincia y hacer sentir el rigor para que otras hagan lo propio.<\/p>\n\n\n\n<p>El Gobernador de Chubut avis\u00f3 anoche que rechaz\u00f3 la oferta de la Casa Rosada de rolear mensualmente la deuda, al indicar que no ir\u00e1 mes a mes a pedir de rodillas que la Naci\u00f3n le prorrogue la deuda;<strong> la Provincia evaluar\u00eda la forma de pagar el 100% de la deuda, a trav\u00e9s de un bono, y tener las manos libres.<\/strong><\/p>\n\n\n\n<p class=\"has-vivid-cyan-blue-color has-text-color has-link-color wp-elements-d6e3b6b6017ddf069d5e714165bc02b2\"><strong>VENCE LA CONCILIACI\u00d3N PESQUERA<\/strong><\/p>\n\n\n\n<p>Con todo, en medio de esta controversia, el lunes un grupo de barcos pesqueros de Puerto Rawson sali\u00f3 en apoyo de la posici\u00f3n del mandatario chubutense.<\/p>\n\n\n\n<p>Cabe recordar que hoy vence la conciliaci\u00f3n obligatoria extendida que hab\u00eda dictado la Secretar\u00eda de Trabajo en el marco del conflicto que el Sindicato de Trabajadores de la Industria de la Alimentaci\u00f3n mantiene con la c\u00e1mara signataria del convenio colectivo sectorial. Desde el 31 de enero, la mayor\u00eda de las plantas de procesamiento est\u00e1n paralizadas al igual que gran parte de la flota de Rawson. La temporada perdi\u00f3 un mes de operatividad y tampoco est\u00e1 zanjada la controversia entre el sindicato de la estiba y un pu\u00f1ado de empresas del puerto capitalino.<\/p>\n\n\n\n<p class=\"has-vivid-cyan-blue-color has-text-color has-link-color wp-elements-f07ae898ba780e85e95e4e4f2c9b8b47\"><strong>ESTA TARDE EN EL SENADO<\/strong><\/p>\n\n\n\n<p>Los Gobernadores Patag\u00f3nicos, abroquelados ante el Gobierno de Javier Milei, intentar\u00e1n dar este martes una nueva muestra de fuerza en el Congreso de la Naci\u00f3n, cuando se re\u00fanan y den una conferencia de prensa. Rolando Figueroa y Alberto Weretilneck acompa\u00f1ar\u00e1n a su par de Chubut, Ignacio Torres, como lo hicieron desde el viernes, cuando estall\u00f3 el conflicto con la amenaza de Torres de cortar el gas y el petr\u00f3leo de su provincia si no le env\u00edan los fondos coparticipables que reclama.<\/p>\n\n\n\n<p>El encuentro ser\u00e1 a las 17 y estar\u00e1n tambi\u00e9n Claudio Vidal (Santa Cruz), Sergio Ziliotto (La Pampa) y Gustavo Melella (Tierra del Fuego).<\/p>\n\n\n\n<p>El grupo de mandatarios patag\u00f3nicos intenta explorar algunas v\u00edas de negociaci\u00f3n y mostrar una postura com\u00fan para frenar las consecuencias de una diputa extendida en el tiempo con el Ejecutivo.<\/p>\n","protected":false},"excerpt":{"rendered":"<p>El gobernador de Chubut, Ignacio Torres, encabezar\u00e1 hoy en el Congreso un encuentro clave con los diferentes mandatarios de provincias patag\u00f3nicas en la puja abierta con el gobierno de Javier Milei. Los patag\u00f3nico planean avanzar en la constituci\u00f3n de una empresa regional de energ\u00eda que les d\u00e9 mayor injerencia y fortalecer la autonom\u00eda local. La<\/p>\n","protected":false},"author":3,"featured_media":4813,"comment_status":"open","ping_status":"open","sticky":false,"template":"","format":"standard","meta":{"om_disable_all_campaigns":false,"_monsterinsights_skip_tracking":false,"_monsterinsights_sitenote_active":false,"_monsterinsights_sitenote_note":"","_monsterinsights_sitenote_category":0,"footnotes":""},"categories":[9],"tags":[796,795,91,235,797],"class_list":{"0":"post-4812","1":"post","2":"type-post","3":"status-publish","4":"format-standard","5":"has-post-thumbnail","7":"category-actualidad","8":"tag-chubut-nacion","9":"tag-coparticipacion","10":"tag-featured","11":"tag-ignacio-torres","12":"tag-valvula-petrolera"},"aioseo_notices":[],"amp_enabled":true,"_links":{"self":[{"href":"https:\/\/partedepesca.com.ar\/d\/wp-json\/wp\/v2\/posts\/4812","targetHints":{"allow":["GET"]}}],"collection":[{"href":"https:\/\/partedepesca.com.ar\/d\/wp-json\/wp\/v2\/posts"}],"about":[{"href":"https:\/\/partedepesca.com.ar\/d\/wp-json\/wp\/v2\/types\/post"}],"author":[{"embeddable":true,"href":"https:\/\/partedepesca.com.ar\/d\/wp-json\/wp\/v2\/users\/3"}],"replies":[{"embeddable":true,"href":"https:\/\/partedepesca.com.ar\/d\/wp-json\/wp\/v2\/comments?post=4812"}],"version-history":[{"count":3,"href":"https:\/\/partedepesca.com.ar\/d\/wp-json\/wp\/v2\/posts\/4812\/revisions"}],"predecessor-version":[{"id":4830,"href":"https:\/\/partedepesca.com.ar\/d\/wp-json\/wp\/v2\/posts\/4812\/revisions\/4830"}],"wp:featuredmedia":[{"embeddable":true,"href":"https:\/\/partedepesca.com.ar\/d\/wp-json\/wp\/v2\/media\/4813"}],"wp:attachment":[{"href":"https:\/\/partedepesca.com.ar\/d\/wp-json\/wp\/v2\/media?parent=4812"}],"wp:term":[{"taxonomy":"category","embeddable":true,"href":"https:\/\/partedepesca.com.ar\/d\/wp-json\/wp\/v2\/categories?post=4812"},{"taxonomy":"post_tag","embeddable":true,"href":"https:\/\/partedepesca.com.ar\/d\/wp-json\/wp\/v2\/tags?post=4812"}],"curies":[{"name":"wp","href":"https:\/\/api.w.org\/{rel}","templated":true}]}}