{"id":4806,"date":"2024-02-26T11:31:33","date_gmt":"2024-02-26T11:31:33","guid":{"rendered":"https:\/\/partedepesca.com.ar\/d\/?p=4806"},"modified":"2024-02-28T08:09:43","modified_gmt":"2024-02-28T08:09:43","slug":"abre-otra-semana-compleja-en-materia-portuaria-y-pesquera","status":"publish","type":"post","link":"https:\/\/partedepesca.com.ar\/d\/abre-otra-semana-compleja-en-materia-portuaria-y-pesquera\/","title":{"rendered":"Abre otra semana compleja en materia portuaria y pesquera"},"content":{"rendered":"\n<p>La Federaci\u00f3n de Estibadores Portuarios de Argentina (FEPA) ratific\u00f3 el inicio de medidas de acci\u00f3n directa, a partir de este lunes, en solidaridad con el conflicto que el SUPA Chubut mantiene con un grupo de empresas de Rawson. La temporada de langostino sigue a media marcha con una docena de buques pescando, pero la mayor parte de la cadena productiva sin actividad.<\/p>\n\n\n\n<p>La agenda pol\u00edtica de Chubut y la Patagonia cambi\u00f3 de eje desde el \u00faltimo viernes cuando se dispar\u00f3 la fuerte controversia entre el gobernador Ignacio Torres y el presidente Javier Milei en torno a la retenci\u00f3n de fondos de coparticipaci\u00f3n.<\/p>\n\n\n\n<p>Torres convoc\u00f3 para esta tarde a las 18 en la Legislatura a distintos sectores de la comunidad en general para participar de un encuentro en donde se dar\u00e1n a conocer los pasos a seguir en la puja con el Gobierno nacional.<\/p>\n\n\n\n<p>El objetivo es que est\u00e9n presentes legisladores, adem\u00e1s de representantes de c\u00e1maras empresarias, partidos pol\u00edticos, intendentes, representantes de la Justicia, gremios y la sociedad en general, para marcar un posicionamiento conjunto y anunciar las acciones que se van a llevar adelante en el marco del enfrentamiento con la Casa Rosada.<\/p>\n\n\n\n<p>Con todo el arco pol\u00edtico movilizado, Chubut estar\u00e1 toda la semana en el foco de la escena nacional, tanto en lo que se anuncie esta tarde, como lo que ocurra en Comodoro Rivadavia el pr\u00f3ximo mi\u00e9rcoles si es que pone en marcha, al menos en forma simb\u00f3lica, el bloqueo de la producci\u00f3n petrolera que estar\u00eda a manos de los sindicatos; y donde se estar\u00eda armando una movilizaci\u00f3n multitudinaria.<\/p>\n\n\n\n<p>La apuesta es de alto voltaje e in\u00e9dita por donde se la mire. Y en ese marco, la crisis pesquera y el conflicto de puertos sigue latente, pero varios casilleros atr\u00e1s en la agenda p\u00fablica.<\/p>\n\n\n\n<p>En tanto, el viernes ser\u00e1 la apertura del inicio de sesiones ordinarias de la Legislatura de Chubut, donde volver\u00e1 a ser caja de resonancia casi en forma excluyente la relaci\u00f3n entre la Provincia y la Naci\u00f3n. En el discurso del gobernador Torres se prev\u00e9 que haga menci\u00f3n directa, en alg\u00fan tramo, al dilatado conflicto pesquero que provoc\u00f3 la p\u00e9rdida de un mes de la temporada de langostino y tambi\u00e9n referir\u00eda a lo acontecido con el SUPA que mantiene a la c\u00fapula sindical con prisi\u00f3n domiciliaria en una causa por extorsi\u00f3n.<\/p>\n\n\n\n<p>Torres, en la apertura de sesiones, podr\u00eda anunciar que girar\u00e1 a la C\u00e1mara de Diputados un proyecto de ley para definir el mecanismo de licitaci\u00f3n de algunos de los permisos de pesca que fueran otorgados por la gesti\u00f3n anterior y sobre los que busca que la Provincia recaude siete millones de d\u00f3lares, para destinarlos a la construcci\u00f3n de siete escuelas en Chubut.<\/p>\n\n\n\n<p>La semana pr\u00f3xima est\u00e1 programada que se lleve a cabo en Puerto Madryn la cumbre de Gobernadores Patag\u00f3nicos, con la presencia de los mandatarios de Chubut, Tierra del Fuego, Santa Cruz, R\u00edo Negro, Neuqu\u00e9n y La Pampa, donde tambi\u00e9n figura \u2018la pesca\u2019 entre los temas globales que abordar\u00e1n en el relanzamiento del Tratado de la Patagonia, aunque en t\u00e9rminos pol\u00edticos todo estar\u00e1 supeditado a lo que acontezca en las pr\u00f3ximas horas en la escalada del enfrentamiento de la regi\u00f3n con el gobierno de Javier Milei.<\/p>\n\n\n\n<p>A\u00fan no est\u00e1 claro como implementar\u00e1 las medidas de fuerza la FEPA en los puertos del pa\u00eds, el fin de semana ratific\u00f3 que parar\u00e1n los puertos &#8220;ante el incumplimiento de los compromisos asumidos en materia laboral y salarial en los puertos de Chubut&#8221;.<\/p>\n\n\n\n<p>Si la amenaza se cumple, el conflicto de la estiba nacionalizado desde Chubut ser\u00e1 sin dudas un condimento m\u00e1s en esta batalla librada desde la Patagonia hacia el Gobierno central, y el eventual cierre del grifo petrolero el mi\u00e9rcoles, hacen prever una semana caliente con derivaciones insospechadas.<\/p>\n","protected":false},"excerpt":{"rendered":"<p>La Federaci\u00f3n de Estibadores Portuarios de Argentina (FEPA) ratific\u00f3 el inicio de medidas de acci\u00f3n directa, a partir de este lunes, en solidaridad con el conflicto que el SUPA Chubut mantiene con un grupo de empresas de Rawson. La temporada de langostino sigue a media marcha con una docena de buques pescando, pero la mayor<\/p>\n","protected":false},"author":3,"featured_media":4115,"comment_status":"open","ping_status":"open","sticky":false,"template":"","format":"standard","meta":{"om_disable_all_campaigns":false,"_monsterinsights_skip_tracking":false,"_monsterinsights_sitenote_active":false,"_monsterinsights_sitenote_note":"","_monsterinsights_sitenote_category":0,"footnotes":""},"categories":[9],"tags":[535,91,671,235,794,348,299],"class_list":{"0":"post-4806","1":"post","2":"type-post","3":"status-publish","4":"format-standard","5":"has-post-thumbnail","7":"category-actualidad","8":"tag-conflicto-pesquero","9":"tag-featured","10":"tag-fepa","11":"tag-ignacio-torres","12":"tag-paro-de-puertos","13":"tag-supa-chubut","14":"tag-temporada-de-langostino"},"aioseo_notices":[],"amp_enabled":true,"_links":{"self":[{"href":"https:\/\/partedepesca.com.ar\/d\/wp-json\/wp\/v2\/posts\/4806","targetHints":{"allow":["GET"]}}],"collection":[{"href":"https:\/\/partedepesca.com.ar\/d\/wp-json\/wp\/v2\/posts"}],"about":[{"href":"https:\/\/partedepesca.com.ar\/d\/wp-json\/wp\/v2\/types\/post"}],"author":[{"embeddable":true,"href":"https:\/\/partedepesca.com.ar\/d\/wp-json\/wp\/v2\/users\/3"}],"replies":[{"embeddable":true,"href":"https:\/\/partedepesca.com.ar\/d\/wp-json\/wp\/v2\/comments?post=4806"}],"version-history":[{"count":1,"href":"https:\/\/partedepesca.com.ar\/d\/wp-json\/wp\/v2\/posts\/4806\/revisions"}],"predecessor-version":[{"id":4807,"href":"https:\/\/partedepesca.com.ar\/d\/wp-json\/wp\/v2\/posts\/4806\/revisions\/4807"}],"wp:featuredmedia":[{"embeddable":true,"href":"https:\/\/partedepesca.com.ar\/d\/wp-json\/wp\/v2\/media\/4115"}],"wp:attachment":[{"href":"https:\/\/partedepesca.com.ar\/d\/wp-json\/wp\/v2\/media?parent=4806"}],"wp:term":[{"taxonomy":"category","embeddable":true,"href":"https:\/\/partedepesca.com.ar\/d\/wp-json\/wp\/v2\/categories?post=4806"},{"taxonomy":"post_tag","embeddable":true,"href":"https:\/\/partedepesca.com.ar\/d\/wp-json\/wp\/v2\/tags?post=4806"}],"curies":[{"name":"wp","href":"https:\/\/api.w.org\/{rel}","templated":true}]}}