{"id":4785,"date":"2024-02-22T04:32:57","date_gmt":"2024-02-22T04:32:57","guid":{"rendered":"https:\/\/partedepesca.com.ar\/d\/?p=4785"},"modified":"2024-02-23T05:33:02","modified_gmt":"2024-02-23T05:33:02","slug":"el-lunes-paran-los-puertos-del-pais-si-la-estiba-de-rawson-no-firma-la-paritaria","status":"publish","type":"post","link":"https:\/\/partedepesca.com.ar\/d\/el-lunes-paran-los-puertos-del-pais-si-la-estiba-de-rawson-no-firma-la-paritaria\/","title":{"rendered":"El lunes paran los puertos del pa\u00eds si la estiba de Rawson no firma la paritaria"},"content":{"rendered":"\n<p>Son dos las empresas de estibajes de Rawson que a\u00fan no acordaron la paritaria salarial con el SUPA. La Federaci\u00f3n de Estibadores Portuarios de Argentina (FEPA) resolvi\u00f3 en votaci\u00f3n un\u00e1nime, en el plenario realizado en Puerto Madryn, iniciar una huelga en todos los puertos del pa\u00eds a partir del pr\u00f3ximo lunes 26 de febrero.<\/p>\n\n\n\n<p>El paro se iniciar\u00e1 si hasta el lunes las empresas de estiba que est\u00e1n en conflicto en Rawson no se allanan a firmar el acuerdo que ya firm\u00f3 el 98% de las empresas que brindan el servicio de estibaje en Chubut.<\/p>\n\n\n\n<p>FEPA dijo que conf\u00eda en la Justicia, en el marco de la causa en que se investiga a miembros de la c\u00fapula sindical provincial, pero tambi\u00e9n <strong>anticip\u00f3 que sumar\u00e1n \u201celementos\u201d en la causa donde se investiga la \u201cevasi\u00f3n\u201d de aportes patronales y de la seguridad social<\/strong>, teniendo como v\u00edctimas a trabajadores del SUPA que hoy no pueden jubilarse, y a decir del titular de la Federaci\u00f3n, ser\u00eda el hecho f\u00e1ctico que posteriormente desat\u00f3 el conflicto, y no la discusi\u00f3n de aumento salarial por inflaci\u00f3n.<\/p>\n\n\n\n<p><strong>\u201cLa FEPA colaborar\u00e1 con la Justicia para que se sepan qui\u00e9nes son las verdaderas corporaciones mafiosas\u201d<\/strong>, asegur\u00f3 Marcelo Osores desde Puerto Madryn.<\/p>\n\n\n\n<p class=\"has-vivid-cyan-blue-color has-text-color has-link-color wp-elements-3a0290b5267d002bb7e8990e4edd6cca\"><strong>HAB\u00cdA UN PRINCIPIO DE ACUERDO<\/strong><\/p>\n\n\n\n<p>Sobre el estado de las negociaciones con las empresas de Rawson que a\u00fan no suscribieron la paritaria, Osores revel\u00f3 que \u201chab\u00eda un principio de acuerdo a trav\u00e9s de la Federaci\u00f3n, pero al final nunca lleg\u00f3\u201d.<\/p>\n\n\n\n<p><strong>\u201cEl martes el Secretario de Pesca (Andr\u00e9s Arbeletche) solicit\u00f3 que nos reunamos, que los empresarios estar\u00edan dispuestos a firmar<\/strong>, pero ped\u00edan alg\u00fan interlocutor. Le dije que s\u00ed, que ven\u00edamos para eso para colaborar y llegar a un acuerdo<strong>, pero ese encuentro finalmente nunca se realiz\u00f3\u201d<\/strong>, cont\u00f3 Osores a <strong>PARTE DE PESCA<\/strong>.<\/p>\n\n\n\n<figure class=\"wp-block-image size-large\"><a href=\"https:\/\/partedepesca.com.ar\/d\/wp-content\/uploads\/2024\/02\/IMG_8449-scaled.jpg\"><img fetchpriority=\"high\" decoding=\"async\" width=\"1024\" height=\"660\" src=\"https:\/\/partedepesca.com.ar\/d\/wp-content\/uploads\/2024\/02\/IMG_8449-1024x660.jpg\" alt=\"\" class=\"wp-image-4787\" srcset=\"https:\/\/partedepesca.com.ar\/d\/wp-content\/uploads\/2024\/02\/IMG_8449-1024x660.jpg 1024w, https:\/\/partedepesca.com.ar\/d\/wp-content\/uploads\/2024\/02\/IMG_8449-300x193.jpg 300w, https:\/\/partedepesca.com.ar\/d\/wp-content\/uploads\/2024\/02\/IMG_8449-768x495.jpg 768w, https:\/\/partedepesca.com.ar\/d\/wp-content\/uploads\/2024\/02\/IMG_8449-1536x990.jpg 1536w, https:\/\/partedepesca.com.ar\/d\/wp-content\/uploads\/2024\/02\/IMG_8449-2048x1320.jpg 2048w, https:\/\/partedepesca.com.ar\/d\/wp-content\/uploads\/2024\/02\/IMG_8449-150x97.jpg 150w, https:\/\/partedepesca.com.ar\/d\/wp-content\/uploads\/2024\/02\/IMG_8449-450x290.jpg 450w, https:\/\/partedepesca.com.ar\/d\/wp-content\/uploads\/2024\/02\/IMG_8449-1200x773.jpg 1200w\" sizes=\"(max-width: 1024px) 100vw, 1024px\" \/><\/a><\/figure>\n\n\n\n<p>Sostuvo que es necesario resolver esta situaci\u00f3n, \u201chay trabajadores que hace cuatro meses est\u00e1n con el mismo salario. Y no es un conflicto generalizado, casi la totalidad de las empresas ya firmaron el aumento, solamente est\u00e1s son las que se niegan\u201d, critic\u00f3.<\/p>\n\n\n\n<p class=\"has-vivid-cyan-blue-color has-text-color has-link-color wp-elements-eaeccd75d18ee93468de65436abeaf8e\"><strong>A FONDO \u201cCON LA CAUSA DE EVASI\u00d3N\u201d<\/strong><\/p>\n\n\n\n<p>El titular de la FEPA advirti\u00f3 que independientemente de la firma del acuerdo salarial, hay una decisi\u00f3n tomada de ir a fondo <strong>\u201ccon la causa de evasi\u00f3n de aportes\u201d<\/strong> por parte de las empresas en conflicto en Rawson.<\/p>\n\n\n\n<p><strong>\u201cNo es casual que todo comenz\u00f3 cuando se empez\u00f3 a hacer ese reclamo<\/strong>. Han naturalizado tanto este tipo de explotaci\u00f3n contra el trabajador de la estiba que pareciera que est\u00e1n ofendidos porque se les reclama que paguen como dice la ley\u201d, ironiz\u00f3.<\/p>\n\n\n\n<p>Osores sostuvo que <strong>\u201ces incre\u00edble, los ofendidos son los que le han robado los aportes a la gente<\/strong>. M\u00e1s all\u00e1 de lo salarial, esta es la cuesti\u00f3n de fondo, y vamos a ir a fondo. <strong>No est\u00e1n los aportes hechos y eso lo van a tener que explicar\u201d, <\/strong>desafi\u00f3.<\/p>\n\n\n\n<p>Durante el plenario nacional, Marcelo Osores, dijo a sus representados, que <strong>\u201ces muy f\u00e1cil hacer aportes de campa\u00f1a a los partidos pol\u00edticos por parte de empresas de estibajes, cuando no les hicieron los aportes a sus trabajadores durante a\u00f1os\u201d<\/strong>, concluy\u00f3.<\/p>\n","protected":false},"excerpt":{"rendered":"<p>Son dos las empresas de estibajes de Rawson que a\u00fan no acordaron la paritaria salarial con el SUPA. La Federaci\u00f3n de Estibadores Portuarios de Argentina (FEPA) resolvi\u00f3 en votaci\u00f3n un\u00e1nime, en el plenario realizado en Puerto Madryn, iniciar una huelga en todos los puertos del pa\u00eds a partir del pr\u00f3ximo lunes 26 de febrero. El<\/p>\n","protected":false},"author":3,"featured_media":4786,"comment_status":"open","ping_status":"open","sticky":false,"template":"","format":"standard","meta":{"om_disable_all_campaigns":false,"_monsterinsights_skip_tracking":false,"_monsterinsights_sitenote_active":false,"_monsterinsights_sitenote_note":"","_monsterinsights_sitenote_category":0,"footnotes":""},"categories":[9],"tags":[734,91,671,675,499,299],"class_list":{"0":"post-4785","1":"post","2":"type-post","3":"status-publish","4":"format-standard","5":"has-post-thumbnail","7":"category-actualidad","8":"tag-estiba-rawson","9":"tag-featured","10":"tag-fepa","11":"tag-puerto-rawson","12":"tag-supa","13":"tag-temporada-de-langostino"},"aioseo_notices":[],"amp_enabled":true,"_links":{"self":[{"href":"https:\/\/partedepesca.com.ar\/d\/wp-json\/wp\/v2\/posts\/4785","targetHints":{"allow":["GET"]}}],"collection":[{"href":"https:\/\/partedepesca.com.ar\/d\/wp-json\/wp\/v2\/posts"}],"about":[{"href":"https:\/\/partedepesca.com.ar\/d\/wp-json\/wp\/v2\/types\/post"}],"author":[{"embeddable":true,"href":"https:\/\/partedepesca.com.ar\/d\/wp-json\/wp\/v2\/users\/3"}],"replies":[{"embeddable":true,"href":"https:\/\/partedepesca.com.ar\/d\/wp-json\/wp\/v2\/comments?post=4785"}],"version-history":[{"count":2,"href":"https:\/\/partedepesca.com.ar\/d\/wp-json\/wp\/v2\/posts\/4785\/revisions"}],"predecessor-version":[{"id":4789,"href":"https:\/\/partedepesca.com.ar\/d\/wp-json\/wp\/v2\/posts\/4785\/revisions\/4789"}],"wp:featuredmedia":[{"embeddable":true,"href":"https:\/\/partedepesca.com.ar\/d\/wp-json\/wp\/v2\/media\/4786"}],"wp:attachment":[{"href":"https:\/\/partedepesca.com.ar\/d\/wp-json\/wp\/v2\/media?parent=4785"}],"wp:term":[{"taxonomy":"category","embeddable":true,"href":"https:\/\/partedepesca.com.ar\/d\/wp-json\/wp\/v2\/categories?post=4785"},{"taxonomy":"post_tag","embeddable":true,"href":"https:\/\/partedepesca.com.ar\/d\/wp-json\/wp\/v2\/tags?post=4785"}],"curies":[{"name":"wp","href":"https:\/\/api.w.org\/{rel}","templated":true}]}}