{"id":4771,"date":"2024-02-20T09:48:46","date_gmt":"2024-02-20T09:48:46","guid":{"rendered":"https:\/\/partedepesca.com.ar\/d\/?p=4771"},"modified":"2024-02-22T04:33:57","modified_gmt":"2024-02-22T04:33:57","slug":"una-decision-politica-y-un-cambio-de-epoca","status":"publish","type":"post","link":"https:\/\/partedepesca.com.ar\/d\/una-decision-politica-y-un-cambio-de-epoca\/","title":{"rendered":"Una decisi\u00f3n pol\u00edtica y un cambio de \u00e9poca"},"content":{"rendered":"\n<p>La semana abri\u00f3 con intimaciones desde la autoridad laboral de Chubut hacia el sector gremial y hacia cada una de las empresas con plantas de procesamiento para que acaten la conciliaci\u00f3n obligatoria y vuelvan a poner en marcha la cadena productiva de la pesca.<\/p>\n\n\n\n<p>Desde el Gobierno leen que tanto las inflexibles posturas de la conducci\u00f3n sindical han conspirado para encontrar una salida del conflicto, pero tambi\u00e9n atribuyen responsabilidades a la dirigencia empresarial, tanto de flota como de plantas, por dilatar un entendimiento, ya que no se circunscribe estrictamente a las tensiones laborales y medidas de acci\u00f3n sindical, sino que tambi\u00e9n hay voluntad de mantener parada la actividad por factores econ\u00f3micos.<\/p>\n\n\n\n<p>Ha sido reiterados los intentos desde la Provincia en propiciar el acercamiento de partes, inst\u00e1ndolos a que pauten dar continuidad a las negociaciones, pero con la industria en funcionamiento, los barcos pescando langostino y las plantas con actividad de procesamiento.<\/p>\n\n\n\n<p>A los incumplimientos gremiales a los t\u00e9rminos de la conciliaci\u00f3n, tambi\u00e9n interpretan en el Gobierno que la dirigencia empresarial tampoco tiene intenciones de reactivar la pesca, porque tienen las c\u00e1maras abarrotadas de mercader\u00eda sin vender por el contexto actual de los mercados internacionales.<\/p>\n\n\n\n<p>Durante el fin de semana continuaron los intentos desde el Ejecutivo para que la temporada vuelva a encarrilarse, adem\u00e1s de la reuni\u00f3n del domingo con todos los gremios, el gobernador Ignacio Torres llam\u00f3 \u2018empresa por empresa\u2019 para que saquen los barcos y pongan las plantas a funcionar.<\/p>\n\n\n\n<p>A los principales actores de la pesca, el mandatario les ha transmitido que<\/p>\n\n\n\n<p>gobierna sin condicionamientos sectoriales. No accedi\u00f3 a cerrar la temporada anticipadamente, tal como se lo solicitaron las empresas.<\/p>\n\n\n\n<p>Y otra muestra que hoy \u2018la lapicera la tiene el Gobernador\u2019, es el envi\u00f3 el Proyecto de Ley N\u00b0 029\/24 a Legislatura por el cual se prev\u00e9 actualizar el \u2018canon de extracci\u00f3n pesquero\u2019, y sus recursos invertirlos en Educaci\u00f3n.<\/p>\n\n\n\n<p>La iniciativa tom\u00f3 estado parlamentario en la sesi\u00f3n de ayer lunes, y ser\u00e1 tratada en comisiones hoy y ma\u00f1ana, y el jueves llegar\u00e1 al recinto para su votaci\u00f3n.<\/p>\n\n\n\n<p>La primera reacci\u00f3n fue la del Siconara que sali\u00f3 p\u00fablicamente a amenazar que no dejar\u00e1 salir ning\u00fan barco si se aprueba la ley esta semana. En el sector interpretan que en realidad fue una reacci\u00f3n de la Cafach que, envi\u00f3 a un sindicalista af\u00edn y obediente, para que salga a oponerse a la iniciativa oficial y amenace con boicotear la sanci\u00f3n de la actualizaci\u00f3n del \u2018canon de extracci\u00f3n pesquero\u2019 que ser\u00e1 destinado a financiar el sistema educativo provincial.<\/p>\n\n\n\n<p>En el argot pol\u00edtico, la expresi\u00f3n \u201cusar la lapicera\u201d o \u201ctener la lapicera\u201d hace referencia a quien tiene la \u00faltima palabra a la hora de tomar decisiones, es decir, aquel que da la orden de ejecutar una acci\u00f3n o medida en particular. Quien &#8220;tiene la lapicera&#8221; es el que tiene la autoridad.<\/p>\n\n\n\n<p>A diferencia de gestiones anteriores, en la pesca va quedando claro que tambi\u00e9n hay un cambio de \u00e9poca.<\/p>\n","protected":false},"excerpt":{"rendered":"<p>La semana abri\u00f3 con intimaciones desde la autoridad laboral de Chubut hacia el sector gremial y hacia cada una de las empresas con plantas de procesamiento para que acaten la conciliaci\u00f3n obligatoria y vuelvan a poner en marcha la cadena productiva de la pesca. Desde el Gobierno leen que tanto las inflexibles posturas de la<\/p>\n","protected":false},"author":3,"featured_media":4772,"comment_status":"open","ping_status":"open","sticky":false,"template":"","format":"standard","meta":{"om_disable_all_campaigns":false,"_monsterinsights_skip_tracking":false,"_monsterinsights_sitenote_active":false,"_monsterinsights_sitenote_note":"","_monsterinsights_sitenote_category":0,"footnotes":""},"categories":[9],"tags":[91],"class_list":{"0":"post-4771","1":"post","2":"type-post","3":"status-publish","4":"format-standard","5":"has-post-thumbnail","7":"category-actualidad","8":"tag-featured"},"aioseo_notices":[],"amp_enabled":true,"_links":{"self":[{"href":"https:\/\/partedepesca.com.ar\/d\/wp-json\/wp\/v2\/posts\/4771","targetHints":{"allow":["GET"]}}],"collection":[{"href":"https:\/\/partedepesca.com.ar\/d\/wp-json\/wp\/v2\/posts"}],"about":[{"href":"https:\/\/partedepesca.com.ar\/d\/wp-json\/wp\/v2\/types\/post"}],"author":[{"embeddable":true,"href":"https:\/\/partedepesca.com.ar\/d\/wp-json\/wp\/v2\/users\/3"}],"replies":[{"embeddable":true,"href":"https:\/\/partedepesca.com.ar\/d\/wp-json\/wp\/v2\/comments?post=4771"}],"version-history":[{"count":1,"href":"https:\/\/partedepesca.com.ar\/d\/wp-json\/wp\/v2\/posts\/4771\/revisions"}],"predecessor-version":[{"id":4773,"href":"https:\/\/partedepesca.com.ar\/d\/wp-json\/wp\/v2\/posts\/4771\/revisions\/4773"}],"wp:featuredmedia":[{"embeddable":true,"href":"https:\/\/partedepesca.com.ar\/d\/wp-json\/wp\/v2\/media\/4772"}],"wp:attachment":[{"href":"https:\/\/partedepesca.com.ar\/d\/wp-json\/wp\/v2\/media?parent=4771"}],"wp:term":[{"taxonomy":"category","embeddable":true,"href":"https:\/\/partedepesca.com.ar\/d\/wp-json\/wp\/v2\/categories?post=4771"},{"taxonomy":"post_tag","embeddable":true,"href":"https:\/\/partedepesca.com.ar\/d\/wp-json\/wp\/v2\/tags?post=4771"}],"curies":[{"name":"wp","href":"https:\/\/api.w.org\/{rel}","templated":true}]}}