{"id":4767,"date":"2024-02-20T09:45:35","date_gmt":"2024-02-20T09:45:35","guid":{"rendered":"https:\/\/partedepesca.com.ar\/d\/?p=4767"},"modified":"2024-02-26T23:33:00","modified_gmt":"2024-02-26T23:33:00","slug":"la-pesca-estara-en-la-agenda-de-la-cumbre-de-gobernadores-patagonicos","status":"publish","type":"post","link":"https:\/\/partedepesca.com.ar\/d\/la-pesca-estara-en-la-agenda-de-la-cumbre-de-gobernadores-patagonicos\/","title":{"rendered":"La pesca estar\u00e1 en la &#8216;agenda&#8217; de la cumbre de Gobernadores Patag\u00f3nicos"},"content":{"rendered":"\n<p>Se realizar\u00e1 el 7 de marzo en la ciudad de Puerto Madryn. En medio de la tensi\u00f3n con el gobierno nacional, los mandatarios del sur del pa\u00eds volver\u00e1n a reunirse como lo hicieron el mes pasado en Villa La Angostura.<\/p>\n\n\n\n<p>El encuentro se realizar\u00e1 en el Hotel Rayentray, y contar\u00e1 con la presencia de Alberto Weretilneck (R\u00edo Negro); Gustavo Melella (Tierra del Fuego); Ignacio Torres (Chubut); Claudio Vidal (Santa Cruz); Rolando Figueroa (Neuqu\u00e9n), y Sergio Ziliotto (La Pampa), adem\u00e1s de los senadores y diputados nacionales, que han sido invitados a participar y con quienes se espera fijar una agenda com\u00fan, independientemente de sus pertenencias pol\u00edticas.<\/p>\n\n\n\n<p>A los temas que ven\u00edan abordando en encuentros anteriores se han agregado algunos que son considerados fundamentales, como el fondo de incentivo docente, la pesca, zona fr\u00eda, hidrocarburos y transporte p\u00fablico.<\/p>\n\n\n\n<p>El vicegobernador de Chubut, Gustavo Menna, asegur\u00f3 que \u201cva a ser un hecho pol\u00edtico e institucional muy importante, ya que es la reuni\u00f3n de la asamblea de gobernadores de la Patagonia\u201d. Adem\u00e1s, remarc\u00f3 que el gobernador Ignacio Torres \u201cha relanzado y liderado el Tratado de la Patagonia\u201d.<\/p>\n\n\n\n<p>\u201cEn este tiempo donde es necesaria la unidad de las provincias, de actuar en conjunto, esa herramienta va a ser muy potente y muy importante\u201d, afirm\u00f3 Menna.<\/p>\n\n\n\n<p>Cabe se\u00f1alar que, Torres es del grupo de los \u2018gobernadores dialoguistas\u2019, que se ha plantado en situaciones puntuales al Presidente Javier Milei. Una de ellas fue en pleno debate por la ley \u00f3mnibus, en especial contra la \u2018reforma pesquera\u2019 y algunas disposiciones referidas a los hidrocarburos.<\/p>\n\n\n\n<p>Sin dudas, el recorte de los subsidios al transporte ser\u00e1 uno de los temas que se tocar\u00e1n en la mesa patag\u00f3nica del 8 de marzo. En efecto, el gobierno de Chubut hizo una presentaci\u00f3n judicial para que se restituya.<\/p>\n\n\n\n<p>Tambi\u00e9n se hablar\u00e1 sobre el Fondo de Incentivo Docente, la pesca, la propuesta de retirar YPF de las zonas que no son explotadas y la zona fr\u00eda.<\/p>\n\n\n\n<p>\u201cLas provincias no somos las causantes del d\u00e9ficit p\u00fablico nacional, del endeudamiento fenomenal que tiene el pa\u00eds o de la inflaci\u00f3n. Entonces, no nos pueden hacer aparecer como los malignos del momento, por llamarlo de alguna manera. Y esperemos que reflexionen, que cambien, que entiendan que este no es el camino, porque si a uno lo ponen contra la pared y no le tiene salida, el zarpazo lo vamos a tirar. Esperemos no llegar a esa situaci\u00f3n\u201d, advirti\u00f3 el rionegrino Alberto Weretilneck en una recorrida por El Bols\u00f3n.<\/p>\n","protected":false},"excerpt":{"rendered":"<p>Se realizar\u00e1 el 7 de marzo en la ciudad de Puerto Madryn. En medio de la tensi\u00f3n con el gobierno nacional, los mandatarios del sur del pa\u00eds volver\u00e1n a reunirse como lo hicieron el mes pasado en Villa La Angostura. El encuentro se realizar\u00e1 en el Hotel Rayentray, y contar\u00e1 con la presencia de Alberto<\/p>\n","protected":false},"author":3,"featured_media":4076,"comment_status":"open","ping_status":"open","sticky":false,"template":"","format":"standard","meta":{"om_disable_all_campaigns":false,"_monsterinsights_skip_tracking":false,"_monsterinsights_sitenote_active":false,"_monsterinsights_sitenote_note":"","_monsterinsights_sitenote_category":0,"footnotes":""},"categories":[9],"tags":[91],"class_list":{"0":"post-4767","1":"post","2":"type-post","3":"status-publish","4":"format-standard","5":"has-post-thumbnail","7":"category-actualidad","8":"tag-featured"},"aioseo_notices":[],"amp_enabled":true,"_links":{"self":[{"href":"https:\/\/partedepesca.com.ar\/d\/wp-json\/wp\/v2\/posts\/4767","targetHints":{"allow":["GET"]}}],"collection":[{"href":"https:\/\/partedepesca.com.ar\/d\/wp-json\/wp\/v2\/posts"}],"about":[{"href":"https:\/\/partedepesca.com.ar\/d\/wp-json\/wp\/v2\/types\/post"}],"author":[{"embeddable":true,"href":"https:\/\/partedepesca.com.ar\/d\/wp-json\/wp\/v2\/users\/3"}],"replies":[{"embeddable":true,"href":"https:\/\/partedepesca.com.ar\/d\/wp-json\/wp\/v2\/comments?post=4767"}],"version-history":[{"count":3,"href":"https:\/\/partedepesca.com.ar\/d\/wp-json\/wp\/v2\/posts\/4767\/revisions"}],"predecessor-version":[{"id":4808,"href":"https:\/\/partedepesca.com.ar\/d\/wp-json\/wp\/v2\/posts\/4767\/revisions\/4808"}],"wp:featuredmedia":[{"embeddable":true,"href":"https:\/\/partedepesca.com.ar\/d\/wp-json\/wp\/v2\/media\/4076"}],"wp:attachment":[{"href":"https:\/\/partedepesca.com.ar\/d\/wp-json\/wp\/v2\/media?parent=4767"}],"wp:term":[{"taxonomy":"category","embeddable":true,"href":"https:\/\/partedepesca.com.ar\/d\/wp-json\/wp\/v2\/categories?post=4767"},{"taxonomy":"post_tag","embeddable":true,"href":"https:\/\/partedepesca.com.ar\/d\/wp-json\/wp\/v2\/tags?post=4767"}],"curies":[{"name":"wp","href":"https:\/\/api.w.org\/{rel}","templated":true}]}}