{"id":4223,"date":"2024-02-09T22:07:09","date_gmt":"2024-02-09T22:07:09","guid":{"rendered":"https:\/\/partedepesca.com.ar\/d\/?p=4223"},"modified":"2024-02-14T03:04:12","modified_gmt":"2024-02-14T03:04:12","slug":"milei-no-vamos-a-ser-complices-de-los-negocios-de-algunos-con-la-industria-pesquera","status":"publish","type":"post","link":"https:\/\/partedepesca.com.ar\/d\/milei-no-vamos-a-ser-complices-de-los-negocios-de-algunos-con-la-industria-pesquera\/","title":{"rendered":"Milei: \u201cNo vamos a ser c\u00f3mplices de los negocios de algunos con la industria pesquera\u201d"},"content":{"rendered":"\n<p>Desde Roma, el Presidente de Argentina, Javier Milei, public\u00f3 un extenso mensaje en el que le apunt\u00f3 a los diputados que votaron en contra de la Ley \u00d3mnibus y entre otros temas apunt\u00f3 al sector pesquero.<\/p>\n\n\n\n<p>Tras su paso por Jerusal\u00e9n, el mandatario se apresta a ser recibido por el Papa Francisco, y en la previa redact\u00f3 un extenso pronunciamiento, donde <strong>carg\u00f3 duro contra los que sigue llamando &#8220;casta&#8221;, entre los pol\u00edticos y los intereses empresarios<\/strong>.&nbsp;<\/p>\n\n\n\n<p>El posteo titulado <strong>\u201ccambio de reglas\u201d<\/strong> contiene dur\u00edsimas cr\u00edticas hacia la dirigencia pol\u00edtica, pero tambi\u00e9n para el sector privado, donde incluy\u00f3 a los de la actividad pesquera que <strong>\u201chacen lobby y \u2018persuaden\u2019 pol\u00edticos para defender sus intereses\u201d<\/strong>, reproch\u00f3. Milei entrecomill\u00f3 la palabra persuaden, con los que le impuso una carga sugestiva.<\/p>\n\n\n\n<p>Por primera vez desde que asumi\u00f3 la Presidencia de la Naci\u00f3n hace referencia alguna a la industria pesquera y la puso bajo sospecha.<\/p>\n\n\n\n<p><strong><u>El mensaje completo de Javier Milei<\/u>: &#8220;Cambio de reglas&#8221;<\/strong><\/p>\n\n\n\n<p>El gobierno nacional asumi\u00f3 con la responsabilidad de arreglar tres problemas fundamentales que sufre nuestro pa\u00eds: la inflaci\u00f3n, la inseguridad y los privilegios de los pol\u00edticos.<\/p>\n\n\n\n<p>Nosotros vinimos a plantear un modelo distinto al modelo empobrecedor de los \u00faltimos 100 a\u00f1os. Y vinimos a hacerlo de cara a los argentinos. Con la verdad en una mano y la libertad en la otra.<\/p>\n\n\n\n<p>No vinimos ac\u00e1 a seguir jugando el mismo juego empobrecedor de los pol\u00edticos de siempre. No vinimos ac\u00e1 a hacer pactos espurios en contra de los intereses de los Argentinos. Y no vamos a ser c\u00f3mplices del juego de los mismos par\u00e1sitos de siempre que viven a costa de los Argentinos.<\/p>\n\n\n\n<p>El gobierno mand\u00f3 un proyecto de ley al Congreso de la Naci\u00f3n para devolverle la libertad a los Argentinos. En ese proyecto de ley est\u00e1 reflejado nuestro proyecto de pa\u00eds. Un pa\u00eds libre, donde los ciudadanos puedan vivir su vida sin depender de un bur\u00f3crata que pide una coima para liberar una importaci\u00f3n. El gobierno no necesita la ley. Los argentinos la necesitan. Y la vamos a conseguir, m\u00e1s tarde o m\u00e1s temprano. Porque la voluntad de unos pocos convencidos es m\u00e1s poderosa que la de muchos sin principios ni moral.<\/p>\n\n\n\n<p>Lo que sucedi\u00f3 en el Congreso representa a la perfecci\u00f3n el problema al que nos estamos enfrentando. Un conjunto de pol\u00edticos que van a hacer lo imposible para mantener sus privilegios. La casta. Lo venimos diciendo desde que nos metimos en pol\u00edtica. Sab\u00edamos que iba a pasar.<\/p>\n\n\n\n<p>Por eso dise\u00f1amos un programa econ\u00f3mico para exterminar la inflaci\u00f3n sin necesidad del Congreso ni de ninguno de todos aquellos que pretenden seguir viviendo como reyes a costa de los contribuyentes.<\/p>\n\n\n\n<p>Durante toda la campa\u00f1a dijimos que nosotros \u00edbamos a enviar nuestros proyectos al Congreso y los pol\u00edticos iban a tener que decidir de qu\u00e9 lado de la Historia quer\u00edan estar. Si quer\u00edan ser parte del cambio o quer\u00edan seguir manteniendo sus privilegios. Tambi\u00e9n dijimos que si no acompa\u00f1aban los cambios, los \u00edbamos a exponer frente a la sociedad para que sus negociados, privilegios y corrupci\u00f3n quedaran expuestos.<\/p>\n\n\n\n<p><strong>Y eso es lo que vamos a hacer. No vamos a ser c\u00f3mplices de los negocios de algunos con la industria pesquera, con el Se\u00f1or del tabaco, con las empresas petroleras o con cualquiera de los otros intereses especiales que hacen lobby y \u201cpersuaden\u201d pol\u00edticos para defender sus intereses.<\/strong><\/p>\n\n\n\n<p>Durante muchos a\u00f1os hubo en Argentina un grupo de pol\u00edticos que dice representar la moderaci\u00f3n, el di\u00e1logo, el consenso y la sensatez, que lo \u00fanico que hacen es garantizar el statu quo a cambio de negocios personales. Registros automotores, concesiones de litio, repartija de sobres a periodistas y muchos otros negocios que algunos pol\u00edticos hacen mientras &#8220;defienden la Rep\u00fablica&#8221; en la televisi\u00f3n.<\/p>\n\n\n\n<p>Todo eso se acab\u00f3 con nosotros. Si tienen un problema con que expongamos lo que hacen, c\u00f3mo votan y a qui\u00e9n responden, es porque no est\u00e1n defendiendo los intereses de la Naci\u00f3n, sino los propios.<\/p>\n\n\n\n<p>No vinimos a continuar con la rueda del juego de la pol\u00edtica de siempre. Vinimos a romperla. No nos importan las operaciones, las difamaciones, los t\u00edtulos de los diarios. No nos importan las presiones de quienes destruyeron este pa\u00eds. No estamos jugando un juego. No nos importa pagar el costo pol\u00edtico de hacer lo que hay que hacer porque nuestro objetivo es solucionar los problemas de los argentinos y no perpetuarnos en el poder.<\/p>\n\n\n\n<p>Venimos a cambiar este pa\u00eds. Con la misma convicci\u00f3n que ten\u00edan nuestros H\u00e9roes de Mayo, venimos a defender La Causa de la Libertad.<\/p>\n\n\n\n<p>Tendr\u00e1n que elegir de qu\u00e9 lado est\u00e1n. Los argentinos ya saben de qu\u00e9 lado estamos nosotros y se los vamos a demandar.<\/p>\n\n\n\n<p><strong>VIVA LA LIBERTAD CARAJO&#8230;!!!<\/strong><\/p>\n","protected":false},"excerpt":{"rendered":"<p>Desde Roma, el Presidente de Argentina, Javier Milei, public\u00f3 un extenso mensaje en el que le apunt\u00f3 a los diputados que votaron en contra de la Ley \u00d3mnibus y entre otros temas apunt\u00f3 al sector pesquero. Tras su paso por Jerusal\u00e9n, el mandatario se apresta a ser recibido por el Papa Francisco, y en la<\/p>\n","protected":false},"author":3,"featured_media":4224,"comment_status":"open","ping_status":"open","sticky":false,"template":"","format":"standard","meta":{"om_disable_all_campaigns":false,"_monsterinsights_skip_tracking":false,"_monsterinsights_sitenote_active":false,"_monsterinsights_sitenote_note":"","_monsterinsights_sitenote_category":0,"footnotes":""},"categories":[9],"tags":[91,172,531],"class_list":{"0":"post-4223","1":"post","2":"type-post","3":"status-publish","4":"format-standard","5":"has-post-thumbnail","7":"category-actualidad","8":"tag-featured","9":"tag-industria-pesquera","10":"tag-javier-milei"},"aioseo_notices":[],"amp_enabled":true,"_links":{"self":[{"href":"https:\/\/partedepesca.com.ar\/d\/wp-json\/wp\/v2\/posts\/4223","targetHints":{"allow":["GET"]}}],"collection":[{"href":"https:\/\/partedepesca.com.ar\/d\/wp-json\/wp\/v2\/posts"}],"about":[{"href":"https:\/\/partedepesca.com.ar\/d\/wp-json\/wp\/v2\/types\/post"}],"author":[{"embeddable":true,"href":"https:\/\/partedepesca.com.ar\/d\/wp-json\/wp\/v2\/users\/3"}],"replies":[{"embeddable":true,"href":"https:\/\/partedepesca.com.ar\/d\/wp-json\/wp\/v2\/comments?post=4223"}],"version-history":[{"count":4,"href":"https:\/\/partedepesca.com.ar\/d\/wp-json\/wp\/v2\/posts\/4223\/revisions"}],"predecessor-version":[{"id":4229,"href":"https:\/\/partedepesca.com.ar\/d\/wp-json\/wp\/v2\/posts\/4223\/revisions\/4229"}],"wp:featuredmedia":[{"embeddable":true,"href":"https:\/\/partedepesca.com.ar\/d\/wp-json\/wp\/v2\/media\/4224"}],"wp:attachment":[{"href":"https:\/\/partedepesca.com.ar\/d\/wp-json\/wp\/v2\/media?parent=4223"}],"wp:term":[{"taxonomy":"category","embeddable":true,"href":"https:\/\/partedepesca.com.ar\/d\/wp-json\/wp\/v2\/categories?post=4223"},{"taxonomy":"post_tag","embeddable":true,"href":"https:\/\/partedepesca.com.ar\/d\/wp-json\/wp\/v2\/tags?post=4223"}],"curies":[{"name":"wp","href":"https:\/\/api.w.org\/{rel}","templated":true}]}}