{"id":4216,"date":"2024-02-08T23:13:20","date_gmt":"2024-02-08T23:13:20","guid":{"rendered":"https:\/\/partedepesca.com.ar\/d\/?p=4216"},"modified":"2024-02-10T02:04:41","modified_gmt":"2024-02-10T02:04:41","slug":"el-stia-suma-denuncias-por-escalada-violenta-en-madryn-rawson-y-comodoro","status":"publish","type":"post","link":"https:\/\/partedepesca.com.ar\/d\/el-stia-suma-denuncias-por-escalada-violenta-en-madryn-rawson-y-comodoro\/","title":{"rendered":"El STIA suma denuncias por escalada violenta en Madryn, Rawson y Comodoro"},"content":{"rendered":"\n<p>El gremio que dirige Luis Emilio N\u00fa\u00f1ez volvi\u00f3 a protagonizar hechos de patoterismo y violencia, en lo que constituye un agravamiento del conflicto, y no acat\u00f3 la nueva intimaci\u00f3n de la Secretar\u00eda de Trabajo de Chubut de retrotraer las medidas de fuerza al estar vigente la conciliaci\u00f3n obligatoria.<\/p>\n\n\n\n<p>Este jueves, manifestantes conducidos por miembros de la c\u00fapula sindical irrumpieron en la sede administrativa del Grupo San Isidro en Puerto Madryn, donde empleadas fueron golpeadas, amedrentadas y hasta v\u00edctimas de robo de objetos personales.<\/p>\n\n\n\n<p>Horas antes, un empresario pesquero de Comodoro Rivadavia denunci\u00f3 maniobras extorsivas por parte de integrantes del mismo sindicato en su planta procesadora de la urbe petrolera.<\/p>\n\n\n\n<p>Tambi\u00e9n el STIA fue denunciado por plantas pesqueras de Rawson por haber incumplido la conciliaci\u00f3n y haber hecho perder toneladas de materia prima que dejaron pudrir en los establecimientos.<\/p>\n\n\n\n<p>Por los episodios acaecidos en la firma San Isidro, se formaliz\u00f3 una denuncia ante el Ministerio P\u00fablico Fiscal ya que personal de ese grupo empresario fue v\u00edctima de \u201camenazas, extorsiones, hostigamiento verbal, violencia f\u00edsica, golpes y hasta robo de efectos personales, por parte de la gente que se movilizaba en masivo grupo identificado como pertenecientes al STIA\u201d, se\u00f1alaron los empleados administrativos de la pesquera madrynense.<\/p>\n\n\n\n<p>\u201cPretendemos que desde el Estado se nos proteja, y se investigue en profundidad y con profesionalismo, y se sancione de manera ejemplar a los protagonistas y culpables, puestos que, si esto no sucede, estaremos condenados a convivir y naturalizar esta violencia\u201d, reprocharon.<\/p>\n\n\n\n<p>Por otro lado, en la v\u00edspera, el veterano empresario pesquero comodorense Jos\u00e9 Luis &#8220;Pino&#8221; Quercia denunci\u00f3 tambi\u00e9n ser v\u00edctima de pr\u00e1cticas \u201cextorsivas\u201d por parte de dirigentes de gremio de la alimentaci\u00f3n. Apunt\u00f3 contra el STIA no s\u00f3lo por la negativa a procesar la materia prima desembarcada sino tambi\u00e9n por impedir el traslado a otro destino.<\/p>\n\n\n\n<p>El titular de la firma Pesquera Puerto Comodoro S.A. present\u00f3 un escrito ante la cartera laboral provincial donde manifest\u00f3 que \u201cno podemos estar sometidos a estas extorsiones\u201d, y pidi\u00f3 el dictado de la conciliaci\u00f3n obligatoria en el conflicto pesquero, la cual fue dictada este jueves, pero no ha sido obedecida.<\/p>\n\n\n\n<p>Con todo, el STIA viene fogoneando el escenario de conflictividad y no ha dado acatamiento a las intimaciones de la Secretar\u00eda de Trabajo para que retrotraiga las medidas y retome las negociaciones salariales con las empresas, a pesar de lo cual, a\u00fan no ha recibido sanciones por parte la autoridad laboral provincial.<\/p>\n","protected":false},"excerpt":{"rendered":"<p>El gremio que dirige Luis Emilio N\u00fa\u00f1ez volvi\u00f3 a protagonizar hechos de patoterismo y violencia, en lo que constituye un agravamiento del conflicto, y no acat\u00f3 la nueva intimaci\u00f3n de la Secretar\u00eda de Trabajo de Chubut de retrotraer las medidas de fuerza al estar vigente la conciliaci\u00f3n obligatoria. Este jueves, manifestantes conducidos por miembros de<\/p>\n","protected":false},"author":3,"featured_media":4217,"comment_status":"open","ping_status":"open","sticky":false,"template":"","format":"standard","meta":{"om_disable_all_campaigns":false,"_monsterinsights_skip_tracking":false,"_monsterinsights_sitenote_active":false,"_monsterinsights_sitenote_note":"","_monsterinsights_sitenote_category":0,"footnotes":""},"categories":[9],"tags":[535,755,91,441],"class_list":{"0":"post-4216","1":"post","2":"type-post","3":"status-publish","4":"format-standard","5":"has-post-thumbnail","7":"category-actualidad","8":"tag-conflicto-pesquero","9":"tag-escalada-violenta","10":"tag-featured","11":"tag-stia"},"aioseo_notices":[],"amp_enabled":true,"_links":{"self":[{"href":"https:\/\/partedepesca.com.ar\/d\/wp-json\/wp\/v2\/posts\/4216","targetHints":{"allow":["GET"]}}],"collection":[{"href":"https:\/\/partedepesca.com.ar\/d\/wp-json\/wp\/v2\/posts"}],"about":[{"href":"https:\/\/partedepesca.com.ar\/d\/wp-json\/wp\/v2\/types\/post"}],"author":[{"embeddable":true,"href":"https:\/\/partedepesca.com.ar\/d\/wp-json\/wp\/v2\/users\/3"}],"replies":[{"embeddable":true,"href":"https:\/\/partedepesca.com.ar\/d\/wp-json\/wp\/v2\/comments?post=4216"}],"version-history":[{"count":1,"href":"https:\/\/partedepesca.com.ar\/d\/wp-json\/wp\/v2\/posts\/4216\/revisions"}],"predecessor-version":[{"id":4218,"href":"https:\/\/partedepesca.com.ar\/d\/wp-json\/wp\/v2\/posts\/4216\/revisions\/4218"}],"wp:featuredmedia":[{"embeddable":true,"href":"https:\/\/partedepesca.com.ar\/d\/wp-json\/wp\/v2\/media\/4217"}],"wp:attachment":[{"href":"https:\/\/partedepesca.com.ar\/d\/wp-json\/wp\/v2\/media?parent=4216"}],"wp:term":[{"taxonomy":"category","embeddable":true,"href":"https:\/\/partedepesca.com.ar\/d\/wp-json\/wp\/v2\/categories?post=4216"},{"taxonomy":"post_tag","embeddable":true,"href":"https:\/\/partedepesca.com.ar\/d\/wp-json\/wp\/v2\/tags?post=4216"}],"curies":[{"name":"wp","href":"https:\/\/api.w.org\/{rel}","templated":true}]}}