{"id":4201,"date":"2024-02-07T02:46:31","date_gmt":"2024-02-07T02:46:31","guid":{"rendered":"https:\/\/partedepesca.com.ar\/d\/?p=4201"},"modified":"2024-02-08T23:13:37","modified_gmt":"2024-02-08T23:13:37","slug":"se-dilata-el-conflicto-y-la-continuidad-de-la-temporada-esta-en-duda","status":"publish","type":"post","link":"https:\/\/partedepesca.com.ar\/d\/se-dilata-el-conflicto-y-la-continuidad-de-la-temporada-esta-en-duda\/","title":{"rendered":"Se dilata el conflicto y la continuidad de la temporada est\u00e1 en duda"},"content":{"rendered":"\n<p>La crisis que atraviesa la pesca de Chubut sigue agrav\u00e1ndose y hay sectores que agitan la idea de terminar anticipadamente la temporada para que<strong> \u2018truene el escarmiento\u2019<\/strong>. <\/p>\n\n\n\n<p>CAPIP pidi\u00f3 a la Secretar\u00eda de Trabajo <strong>\u201caleccionadoras sanaciones\u201d <\/strong>contra el Sindicato de Trabajadores de la Industria de la Alimentaci\u00f3n, luego que su titular incitara a sus delegados a dejar ingresar la materia prima a las plantas para posteriormente pararlas y dejar que la mercader\u00eda se pudra.<\/p>\n\n\n\n<p><strong>La premisa del Gobierno de no perder d\u00edas de la temporada de langostino, y que las partes negocien con barcos pescando y plantas procesando, no fue escuchada.<\/strong> Luego que se ventilara el discurso de Luis N\u00fa\u00f1ez arengando a los trabajadores, la Secretar\u00eda de Pesca \u201crecomend\u00f3\u201d, no en forma imperativa, que los barcos dejen de pescar y retornen a puerto.<\/p>\n\n\n\n<p>El paro no est\u00e1 declarado formalmente, pero la retenci\u00f3n de servicios contin\u00faa en las plantas y se da a pesar de haber una conciliaci\u00f3n obligatoria dictada. Tambi\u00e9n es cierto que <strong>el actual titular de Trabajo, Nicol\u00e1s Z\u00e1rate<\/strong>, (que depende del Ministro de Gobierno, Andr\u00e9s Meiszner) cuando estuvo a cargo de la delegaci\u00f3n Puerto Madryn del organismo laboral, <strong>fue casi una \u2018escriban\u00eda\u2019 del STIA;<\/strong> siempre actu\u00f3 en consonancia son las demandas gremiales.<\/p>\n\n\n\n<p><strong>Cada d\u00eda que pasa m\u00e1s toneladas de materia prima (alimento) es tirado literalmente a la basura en diferentes plantas de procesamiento de Rawson y Puerto Madryn<\/strong>; en el anterior episodio de p\u00e9rdidas de pescado en los barcos en diciembre hubo fuertes condenas p\u00fablicas desde el Estado, aunque ahora, la Secretar\u00eda de Trabajo no ha aplicado sanciones ni intimaciones al gremio de la alimentaci\u00f3n. <strong>Tampoco, hasta ahora, el Fiscal de Estado ha impulsado alguna acci\u00f3n por \u2018ecocidio\u2019 <\/strong>sobre la organizaci\u00f3n que comanda desde hace casi treinta a\u00f1os el l\u00edder cegetista.<\/p>\n\n\n\n<p>Asimismo, cabe se\u00f1alar que m\u00e1s all\u00e1 del escenario de conflictividad con los sindicatos, hay factores de mercado, de retracci\u00f3n de la demanda por ca\u00edda de consumo y precios internacionales deprimidos, con empresas estoqueadas a las que no les disgustar\u00eda en absoluto que la temporada no se retome y se cierre ahora. Est\u00e1 claro que no todas tienen las mismas espaldas financieras y econ\u00f3micas.<\/p>\n\n\n\n<p>Mientras hoy se contin\u00faan tirando toneladas de pescado por el paro encubierto del STIA, el panorama de corto plazo se presenta adverso. El SOMU de Rawson se re\u00fane en asamblea este mi\u00e9rcoles 7 de febrero a las 10 horas para definir cu\u00e1les ser\u00e1n las demandas de actualizaci\u00f3n salarial que plantear\u00e1n en las pr\u00f3ximas horas a la flota amarilla. Tambi\u00e9n Capitanes y Patrones sacaron turno para que les reabran las paritarias.<\/p>\n\n\n\n<p><strong>El a\u00f1o pasado, la temporada de pesquer\u00eda de langostino en aguas de Chubut termin\u00f3 el 31 de marzo, mientras que esta zafra lleva dos meses y su continuidad est\u00e1 en peligro.<\/strong><\/p>\n","protected":false},"excerpt":{"rendered":"<p>La crisis que atraviesa la pesca de Chubut sigue agrav\u00e1ndose y hay sectores que agitan la idea de terminar anticipadamente la temporada para que \u2018truene el escarmiento\u2019. CAPIP pidi\u00f3 a la Secretar\u00eda de Trabajo \u201caleccionadoras sanaciones\u201d contra el Sindicato de Trabajadores de la Industria de la Alimentaci\u00f3n, luego que su titular incitara a sus delegados<\/p>\n","protected":false},"author":3,"featured_media":4202,"comment_status":"open","ping_status":"open","sticky":false,"template":"","format":"standard","meta":{"om_disable_all_campaigns":false,"_monsterinsights_skip_tracking":false,"_monsterinsights_sitenote_active":false,"_monsterinsights_sitenote_note":"","_monsterinsights_sitenote_category":0,"footnotes":""},"categories":[9],"tags":[213,535,91,179,441,299],"class_list":{"0":"post-4201","1":"post","2":"type-post","3":"status-publish","4":"format-standard","5":"has-post-thumbnail","7":"category-actualidad","8":"tag-capitanes","9":"tag-conflicto-pesquero","10":"tag-featured","11":"tag-somu","12":"tag-stia","13":"tag-temporada-de-langostino"},"aioseo_notices":[],"amp_enabled":true,"_links":{"self":[{"href":"https:\/\/partedepesca.com.ar\/d\/wp-json\/wp\/v2\/posts\/4201","targetHints":{"allow":["GET"]}}],"collection":[{"href":"https:\/\/partedepesca.com.ar\/d\/wp-json\/wp\/v2\/posts"}],"about":[{"href":"https:\/\/partedepesca.com.ar\/d\/wp-json\/wp\/v2\/types\/post"}],"author":[{"embeddable":true,"href":"https:\/\/partedepesca.com.ar\/d\/wp-json\/wp\/v2\/users\/3"}],"replies":[{"embeddable":true,"href":"https:\/\/partedepesca.com.ar\/d\/wp-json\/wp\/v2\/comments?post=4201"}],"version-history":[{"count":2,"href":"https:\/\/partedepesca.com.ar\/d\/wp-json\/wp\/v2\/posts\/4201\/revisions"}],"predecessor-version":[{"id":4206,"href":"https:\/\/partedepesca.com.ar\/d\/wp-json\/wp\/v2\/posts\/4201\/revisions\/4206"}],"wp:featuredmedia":[{"embeddable":true,"href":"https:\/\/partedepesca.com.ar\/d\/wp-json\/wp\/v2\/media\/4202"}],"wp:attachment":[{"href":"https:\/\/partedepesca.com.ar\/d\/wp-json\/wp\/v2\/media?parent=4201"}],"wp:term":[{"taxonomy":"category","embeddable":true,"href":"https:\/\/partedepesca.com.ar\/d\/wp-json\/wp\/v2\/categories?post=4201"},{"taxonomy":"post_tag","embeddable":true,"href":"https:\/\/partedepesca.com.ar\/d\/wp-json\/wp\/v2\/tags?post=4201"}],"curies":[{"name":"wp","href":"https:\/\/api.w.org\/{rel}","templated":true}]}}