{"id":4198,"date":"2024-02-07T02:37:35","date_gmt":"2024-02-07T02:37:35","guid":{"rendered":"https:\/\/partedepesca.com.ar\/d\/?p=4198"},"modified":"2024-02-08T09:39:20","modified_gmt":"2024-02-08T09:39:20","slug":"artesanales-de-rawson-llevaran-inquietudes-al-secretario-de-pesca","status":"publish","type":"post","link":"https:\/\/partedepesca.com.ar\/d\/artesanales-de-rawson-llevaran-inquietudes-al-secretario-de-pesca\/","title":{"rendered":"Artesanales de Rawson llevar\u00e1n inquietudes al Secretario de Pesca"},"content":{"rendered":"\n<p>Comenz\u00f3 a haber movimientos dentro de la Asociaci\u00f3n de Pescadores Artesanales de Rawson y, en recientes encuentros, se acord\u00f3 solicitar una audiencia con el recientemente asumido secretario de Pesca de Chubut, Andr\u00e9s Arbeletche, a quien les plantear\u00e1n la actualidad del sector.<\/p>\n\n\n\n<p>La incertidumbre por la continuidad o no de la temporada genera preocupaci\u00f3n entre los pescadores artesanales, como as\u00ed tambi\u00e9n la estructura de costos y el inminente inicio de paritarias de marineros y patrones.<\/p>\n\n\n\n<p>Sostienen que no pueden afrontar los valores que firma la flota amarilla, que siempre es la que ha llevado adelante la negociaci\u00f3n con los gremios mar\u00edtimos, y la asociaci\u00f3n de artesanales solo se ha limitado a adherir todo lo que cierra la CAFACh.<\/p>\n\n\n\n<p>El artesanal es un sector bastante heterog\u00e9neo y diverso, hay quienes efectivamente tienen historia y viene de generaciones de pescadores artesanales, mientras que otros son barcos que forman parte de empresas que tambi\u00e9n tienen barcos amarillos y hasta experimentales de variado costero (VACOPA), que lo \u00fanico que han pescado es langostino.<\/p>\n\n\n\n<p>En esa diversidad habr\u00eda diferencias internas en cuanto a la conducci\u00f3n de la asociaci\u00f3n, y hasta se habr\u00edan evaluado cambios. Hay consenso mayoritario en no querer ser un ap\u00e9ndice de la c\u00e1mara de la flota amarilla. Pretenden tener voz y posicionamientos propios, y posturas m\u00e1s firmes al momento de la negociaci\u00f3n con los sindicatos mar\u00edtimos, los que se iniciar\u00e1n en breve.<\/p>\n\n\n\n<p>Tambi\u00e9n afirman que la flota amarilla pesca langostino en aguas de Chubut y despu\u00e9s se van a pescar en la temporada de aguas nacionales, mientras que los artesanales tienen tres meses y medio de actividad en la zafra provincial, y el resto del a\u00f1o se deben solventar con lo producido.<\/p>\n\n\n\n<p>\u201cLa ecuaci\u00f3n es muy finita, los n\u00fameros no dan, para los que realmente somos artesanales. Y una nueva suba de costos hace inviable la temporada\u201d, sintetiz\u00f3 un propietario de barco de amplia trayectoria en la actividad. \u201cUn barco grande que pesca 1700 cajones los puede soportar, pero esos n\u00fameros no dan para un artesanal que pesca 500 cajones\u201d, compar\u00f3.<\/p>\n\n\n\n<p>Hay rebeli\u00f3n en la granja.<\/p>\n","protected":false},"excerpt":{"rendered":"<p>Comenz\u00f3 a haber movimientos dentro de la Asociaci\u00f3n de Pescadores Artesanales de Rawson y, en recientes encuentros, se acord\u00f3 solicitar una audiencia con el recientemente asumido secretario de Pesca de Chubut, Andr\u00e9s Arbeletche, a quien les plantear\u00e1n la actualidad del sector. La incertidumbre por la continuidad o no de la temporada genera preocupaci\u00f3n entre los<\/p>\n","protected":false},"author":3,"featured_media":4199,"comment_status":"open","ping_status":"open","sticky":false,"template":"","format":"standard","meta":{"om_disable_all_campaigns":false,"_monsterinsights_skip_tracking":false,"_monsterinsights_sitenote_active":false,"_monsterinsights_sitenote_note":"","_monsterinsights_sitenote_category":0,"footnotes":""},"categories":[9],"tags":[91,753,299],"class_list":{"0":"post-4198","1":"post","2":"type-post","3":"status-publish","4":"format-standard","5":"has-post-thumbnail","7":"category-actualidad","8":"tag-featured","9":"tag-flota-artesanal-rawson","10":"tag-temporada-de-langostino"},"aioseo_notices":[],"amp_enabled":true,"_links":{"self":[{"href":"https:\/\/partedepesca.com.ar\/d\/wp-json\/wp\/v2\/posts\/4198","targetHints":{"allow":["GET"]}}],"collection":[{"href":"https:\/\/partedepesca.com.ar\/d\/wp-json\/wp\/v2\/posts"}],"about":[{"href":"https:\/\/partedepesca.com.ar\/d\/wp-json\/wp\/v2\/types\/post"}],"author":[{"embeddable":true,"href":"https:\/\/partedepesca.com.ar\/d\/wp-json\/wp\/v2\/users\/3"}],"replies":[{"embeddable":true,"href":"https:\/\/partedepesca.com.ar\/d\/wp-json\/wp\/v2\/comments?post=4198"}],"version-history":[{"count":2,"href":"https:\/\/partedepesca.com.ar\/d\/wp-json\/wp\/v2\/posts\/4198\/revisions"}],"predecessor-version":[{"id":4204,"href":"https:\/\/partedepesca.com.ar\/d\/wp-json\/wp\/v2\/posts\/4198\/revisions\/4204"}],"wp:featuredmedia":[{"embeddable":true,"href":"https:\/\/partedepesca.com.ar\/d\/wp-json\/wp\/v2\/media\/4199"}],"wp:attachment":[{"href":"https:\/\/partedepesca.com.ar\/d\/wp-json\/wp\/v2\/media?parent=4198"}],"wp:term":[{"taxonomy":"category","embeddable":true,"href":"https:\/\/partedepesca.com.ar\/d\/wp-json\/wp\/v2\/categories?post=4198"},{"taxonomy":"post_tag","embeddable":true,"href":"https:\/\/partedepesca.com.ar\/d\/wp-json\/wp\/v2\/tags?post=4198"}],"curies":[{"name":"wp","href":"https:\/\/api.w.org\/{rel}","templated":true}]}}