{"id":4143,"date":"2024-02-01T22:02:23","date_gmt":"2024-02-01T22:02:23","guid":{"rendered":"https:\/\/partedepesca.com.ar\/d\/?p=4143"},"modified":"2024-02-02T11:11:28","modified_gmt":"2024-02-02T11:11:28","slug":"sastre-destaco-la-consolidacion-de-puerto-madryn-como-polo-exportador","status":"publish","type":"post","link":"https:\/\/partedepesca.com.ar\/d\/sastre-destaco-la-consolidacion-de-puerto-madryn-como-polo-exportador\/","title":{"rendered":"Sastre destac\u00f3 la consolidaci\u00f3n de Puerto Madryn como &#8220;polo exportador&#8221;"},"content":{"rendered":"\n<p>El intendente de Puerto Madryn, Gustavo Sastre, encabez\u00f3 el acto de apertura de las sesiones ordinarias para el periodo 2024 del Concejo Deliberante de nuestra ciudad. Con un pormenorizado detalle de lo que sucedi\u00f3 en el 2023 y con anuncios de lo que ocurrir\u00e1 durante el a\u00f1o en curso.<\/p>\n\n\n\n<p>Uno de los anuncios m\u00e1s importantes fue el de la creaci\u00f3n de un fideicomiso donde el fiduciante ser\u00e1 el Estado municipal y el fiduciario ser\u00e1 una entidad mixta, que se encargar\u00e1 de administrar los recursos p\u00fablicos para completar un cronograma de obras elaborado seg\u00fan las necesidades de la ciudad, con criterio de prioridad e importancia en su ejecuci\u00f3n dentro del ejido de Puerto Madryn.<\/p>\n\n\n\n<p>Seg\u00fan mencion\u00f3 el Intendente, esta iniciativa tendr\u00e1 un estricto proceso de controles y auditor\u00edas externas, aumentando la transparencia en la rendici\u00f3n de cuentas, previniendo el uso ineficiente de los fondos p\u00fablicos. Adem\u00e1s, habr\u00e1 exoneraci\u00f3n de requisitos tributarios, gozando de algunos beneficios fiscales, como la exenci\u00f3n o reducci\u00f3n de impuestos, tasas o contribuciones. Los fondos para la integraci\u00f3n del patrimonio ser\u00e1n con diferentes fuentes de recursos: aportes del Estado o de entidades p\u00fablicas; aportes de inversores privados; cr\u00e9ditos de organismos multilaterales, bancos o entidades financieras, nacionales o extranjeras; emisi\u00f3n de t\u00edtulos negociables y dem\u00e1s herramientas.<\/p>\n\n\n\n<p class=\"has-vivid-cyan-blue-color has-text-color has-link-color wp-elements-bd3be10c7efc54931ed8ac29fb0b5de0\"><strong>COPARTICIPACI\u00d3N PROPORCIONAL A LA POBLACI\u00d3N<\/strong><\/p>\n\n\n\n<p>En otro orden, Sastre manifest\u00f3: \u201cA trav\u00e9s del di\u00e1logo, acompa\u00f1aremos al Gobierno Provincial. Somos disciplinados a la voluntad de las mayor\u00edas y estaremos junto al gobernador Ignacio Torres cuando nos necesite. As\u00ed tambi\u00e9n, requeriremos que est\u00e9 de nuestro lado cuando recurramos con los papeles de la historia de justicia que merece la ciudad\u201d.<\/p>\n\n\n\n<figure class=\"wp-block-image size-large\"><a href=\"https:\/\/partedepesca.com.ar\/d\/wp-content\/uploads\/2024\/02\/GFQqWERW0AEabFZ.jpg\"><img fetchpriority=\"high\" decoding=\"async\" width=\"1024\" height=\"683\" src=\"https:\/\/partedepesca.com.ar\/d\/wp-content\/uploads\/2024\/02\/GFQqWERW0AEabFZ-1024x683.jpg\" alt=\"\" class=\"wp-image-4144\" srcset=\"https:\/\/partedepesca.com.ar\/d\/wp-content\/uploads\/2024\/02\/GFQqWERW0AEabFZ-1024x683.jpg 1024w, https:\/\/partedepesca.com.ar\/d\/wp-content\/uploads\/2024\/02\/GFQqWERW0AEabFZ-300x200.jpg 300w, https:\/\/partedepesca.com.ar\/d\/wp-content\/uploads\/2024\/02\/GFQqWERW0AEabFZ-768x512.jpg 768w, https:\/\/partedepesca.com.ar\/d\/wp-content\/uploads\/2024\/02\/GFQqWERW0AEabFZ-1536x1025.jpg 1536w, https:\/\/partedepesca.com.ar\/d\/wp-content\/uploads\/2024\/02\/GFQqWERW0AEabFZ-150x100.jpg 150w, https:\/\/partedepesca.com.ar\/d\/wp-content\/uploads\/2024\/02\/GFQqWERW0AEabFZ-450x300.jpg 450w, https:\/\/partedepesca.com.ar\/d\/wp-content\/uploads\/2024\/02\/GFQqWERW0AEabFZ-1200x800.jpg 1200w, https:\/\/partedepesca.com.ar\/d\/wp-content\/uploads\/2024\/02\/GFQqWERW0AEabFZ.jpg 2048w\" sizes=\"(max-width: 1024px) 100vw, 1024px\" \/><\/a><\/figure>\n\n\n\n<p>\u201cUna de ellas es la Coparticipaci\u00f3n, por la que venimos bregando hace a\u00f1os, con los primeros reclamos de Ricardo (Sastre) a los que le dimos la necesaria continuidad. Debemos recibir la Coparticipaci\u00f3n que nuestro crecimiento demogr\u00e1fico requiere y, afortunadamente, hemos comenzado nuestro di\u00e1logo al respecto con el gobernador Ignacio Torres. Somos optimistas, ya que sabemos que quien est\u00e1 dispuesto a escuchar es porque est\u00e1 dispuesto a responder\u201d, agreg\u00f3.<\/p>\n\n\n\n<p class=\"has-vivid-cyan-blue-color has-text-color has-link-color wp-elements-b6a1969c5c403df1e78c7931adf14ab9\"><strong>PRODUCCI\u00d3N E INVERSIONES<\/strong><\/p>\n\n\n\n<p>En materia productiva y de generaci\u00f3n de empleo, manifest\u00f3: \u201cSeguiremos articulando de forma din\u00e1mica con los diferentes sectores productivos para generar capacitaciones, congresos o formaciones especiales con mayor demanda, siendo puentes entre la industria y los institutos de formaci\u00f3n y universidades. De esta manera, vamos a consolidar a nuestra ciudad como un polo educativo de capacitaci\u00f3n y referencia\u201d.<\/p>\n\n\n\n<p>Asimismo, indic\u00f3: \u201cDurante la gesti\u00f3n de Ricardo (Sastre) se concret\u00f3 el arribo a Puerto Madryn de la empresa Trivium, posicion\u00e1ndonos como un polo exportador destacable. Hace pocos d\u00edas estuvimos con el gobernador Ignacio Torres, donde se nos present\u00f3 un proyecto de ampliaci\u00f3n de la inversi\u00f3n en la ciudad para duplicar su producci\u00f3n de discos de aluminio, lo cual generar\u00e1 una gran cantidad de puestos de trabajo\u201d.<\/p>\n\n\n\n<p class=\"has-vivid-cyan-blue-color has-text-color has-link-color wp-elements-80ab5b792da008a64804027a965590e5\"><strong>BALANCES AL D\u00cdA<\/strong><\/p>\n\n\n\n<p>Brindando detalles sobre la situaci\u00f3n econ\u00f3mica del Municipio, precis\u00f3: \u201cEn cuanto a la rendici\u00f3n anual de cuentas, al d\u00eda de la fecha, los ejercicios 2019, 2020, 2021 y 2022 han sido cerrados satisfactoriamente por el Tribunal de Cuentas de la Provincia, contando con los presupuestos aprobados de los cuatro ejercicios correspondientes a mi primera gesti\u00f3n\u201d.<\/p>\n\n\n\n<p>Adem\u00e1s, detall\u00f3: \u201cEn cuanto al ejercicio del a\u00f1o 2023, el mismo ser\u00e1 presentado en los plazos correspondientes para su aprobaci\u00f3n. Asimismo, para el actual ejercicio 2024, ya nos encontramos trabajando con el recientemente creado Tribunal de Cuentas Municipal, poniendo a disposici\u00f3n toda la informaci\u00f3n requerida por el mismo, marcando un hecho hist\u00f3rico para Puerto Madryn\u201d, se\u00f1al\u00f3 en otro tramo del discurso.<\/p>\n","protected":false},"excerpt":{"rendered":"<p>El intendente de Puerto Madryn, Gustavo Sastre, encabez\u00f3 el acto de apertura de las sesiones ordinarias para el periodo 2024 del Concejo Deliberante de nuestra ciudad. Con un pormenorizado detalle de lo que sucedi\u00f3 en el 2023 y con anuncios de lo que ocurrir\u00e1 durante el a\u00f1o en curso. Uno de los anuncios m\u00e1s importantes<\/p>\n","protected":false},"author":3,"featured_media":4145,"comment_status":"open","ping_status":"open","sticky":false,"template":"","format":"standard","meta":{"om_disable_all_campaigns":false,"_monsterinsights_skip_tracking":false,"_monsterinsights_sitenote_active":false,"_monsterinsights_sitenote_note":"","_monsterinsights_sitenote_category":0,"footnotes":""},"categories":[9],"tags":[91,231,742],"class_list":{"0":"post-4143","1":"post","2":"type-post","3":"status-publish","4":"format-standard","5":"has-post-thumbnail","7":"category-actualidad","8":"tag-featured","9":"tag-gustavo-sastre","10":"tag-polo-exportador"},"aioseo_notices":[],"amp_enabled":true,"_links":{"self":[{"href":"https:\/\/partedepesca.com.ar\/d\/wp-json\/wp\/v2\/posts\/4143","targetHints":{"allow":["GET"]}}],"collection":[{"href":"https:\/\/partedepesca.com.ar\/d\/wp-json\/wp\/v2\/posts"}],"about":[{"href":"https:\/\/partedepesca.com.ar\/d\/wp-json\/wp\/v2\/types\/post"}],"author":[{"embeddable":true,"href":"https:\/\/partedepesca.com.ar\/d\/wp-json\/wp\/v2\/users\/3"}],"replies":[{"embeddable":true,"href":"https:\/\/partedepesca.com.ar\/d\/wp-json\/wp\/v2\/comments?post=4143"}],"version-history":[{"count":1,"href":"https:\/\/partedepesca.com.ar\/d\/wp-json\/wp\/v2\/posts\/4143\/revisions"}],"predecessor-version":[{"id":4146,"href":"https:\/\/partedepesca.com.ar\/d\/wp-json\/wp\/v2\/posts\/4143\/revisions\/4146"}],"wp:featuredmedia":[{"embeddable":true,"href":"https:\/\/partedepesca.com.ar\/d\/wp-json\/wp\/v2\/media\/4145"}],"wp:attachment":[{"href":"https:\/\/partedepesca.com.ar\/d\/wp-json\/wp\/v2\/media?parent=4143"}],"wp:term":[{"taxonomy":"category","embeddable":true,"href":"https:\/\/partedepesca.com.ar\/d\/wp-json\/wp\/v2\/categories?post=4143"},{"taxonomy":"post_tag","embeddable":true,"href":"https:\/\/partedepesca.com.ar\/d\/wp-json\/wp\/v2\/tags?post=4143"}],"curies":[{"name":"wp","href":"https:\/\/api.w.org\/{rel}","templated":true}]}}