{"id":4095,"date":"2024-01-29T05:34:58","date_gmt":"2024-01-29T05:34:58","guid":{"rendered":"https:\/\/partedepesca.com.ar\/d\/?p=4095"},"modified":"2024-01-30T09:40:09","modified_gmt":"2024-01-30T09:40:09","slug":"en-manos-de-las-fuerzas-del-cielo","status":"publish","type":"post","link":"https:\/\/partedepesca.com.ar\/d\/en-manos-de-las-fuerzas-del-cielo\/","title":{"rendered":"En manos de las fuerzas del cielo"},"content":{"rendered":"\n<p><strong>\u201cLa pesca est\u00e1 en peligro\u201d<\/strong>, afirm\u00f3 este domingo el <strong>cura p\u00e1rroco Miguel Cacciutto<\/strong>, en el marco de la 42\u00b0 Fiesta Nacional de los Pescadores, que dieron inicio a los 96\u00b0 festejos a <strong>San Salvador, patrono de la comunidad portuaria<\/strong>, con una Misa Cantada en la Parroquia La Sagrada Familia y San Luis Orione de Mar del Plata<\/p>\n\n\n\n<p>El cl\u00e9rigo remarc\u00f3 que \u201choy corren riesgo m\u00e1s de 46 mil personas que trabajan directamente y muchas m\u00e1s si contamos a los que trabajan en tierra. Tenemos una flota de 800 buques, 370 plantas que generan empleo para miles de personas y hoy est\u00e1n en peligro\u201d.<\/p>\n\n\n\n<p>Este a\u00f1o, la celebraci\u00f3n organizada por la Sociedad de Patrones Pescadores en conjunto con la Comisi\u00f3n de Festejos San Salvador, coincide con el centenario de la fundaci\u00f3n del Colegio y la Parroquia fundada por San Luis Orione (1924-2024) y con el 150\u00ba Aniversario de la ciudad.<\/p>\n\n\n\n<p>Cacciutto valor\u00f3 la presencia de las autoridades presentes y de todos los fieles y se refiri\u00f3 a la situaci\u00f3n cr\u00edtica que atraviesa el sector pesquero y la reforma que impulsa el gobierno libertario de Javier Milei: \u201cNuestra pesca tiene m\u00e1s o menos 150 a\u00f1os de historia; la integran muchas pymes nacionales, empresas extranjeras y <strong>hoy corren el riesgo m\u00e1s de 46 mil personas que trabajan directamente<\/strong> y muchas m\u00e1s si contamos a los que trabajan en tierra, en las f\u00e1bricas, en los saladeros, empresas de filet. Tenemos una flota de 800 buques, 370 plantas que generan continuamente empleo para miles de personas y hoy est\u00e1n en peligro\u201d.<\/p>\n\n\n\n<p>Adem\u00e1s, expres\u00f3: \u201c<strong>Sabemos que se quiere modificar la Ley Federal de Pesca incluida la Ley \u00d3mnibus, lo que pone en riesgo a toda la industria pesquera<\/strong>, a la cadena de valor, a la soberan\u00eda de nuestro mar y la salud del recurso. Por eso pedimos a San Salvador que ilumine a quienes tienen que legislar para que tengan presente nuestra historia, nuestro sacrificio; que promuevan lo mejor para nuestra ciudad y su puerto\u201d.<\/p>\n\n\n\n<p><strong>\u201cLa soberan\u00eda de nuestro mar est\u00e1 en peligro. Yo no pertenezco a ning\u00fan partido pol\u00edtico; solo pertenezco al partido de Cristo que es el partido del Padre Nuestro\u201d<\/strong>, finaliz\u00f3 Cacciutto.<\/p>\n\n\n\n<p><em>Fuente: La Capital<\/em><\/p>\n","protected":false},"excerpt":{"rendered":"<p>\u201cLa pesca est\u00e1 en peligro\u201d, afirm\u00f3 este domingo el cura p\u00e1rroco Miguel Cacciutto, en el marco de la 42\u00b0 Fiesta Nacional de los Pescadores, que dieron inicio a los 96\u00b0 festejos a San Salvador, patrono de la comunidad portuaria, con una Misa Cantada en la Parroquia La Sagrada Familia y San Luis Orione de Mar<\/p>\n","protected":false},"author":3,"featured_media":4096,"comment_status":"open","ping_status":"open","sticky":false,"template":"","format":"standard","meta":{"om_disable_all_campaigns":false,"_monsterinsights_skip_tracking":false,"_monsterinsights_sitenote_active":false,"_monsterinsights_sitenote_note":"","_monsterinsights_sitenote_category":0,"footnotes":""},"categories":[9],"tags":[91,730,657,731,732],"class_list":{"0":"post-4095","1":"post","2":"type-post","3":"status-publish","4":"format-standard","5":"has-post-thumbnail","7":"category-actualidad","8":"tag-featured","9":"tag-las-fuerzas-del-cielo","10":"tag-ley-federal-de-pesca","11":"tag-miguel-cacciutto","12":"tag-san-salvador"},"aioseo_notices":[],"amp_enabled":true,"_links":{"self":[{"href":"https:\/\/partedepesca.com.ar\/d\/wp-json\/wp\/v2\/posts\/4095","targetHints":{"allow":["GET"]}}],"collection":[{"href":"https:\/\/partedepesca.com.ar\/d\/wp-json\/wp\/v2\/posts"}],"about":[{"href":"https:\/\/partedepesca.com.ar\/d\/wp-json\/wp\/v2\/types\/post"}],"author":[{"embeddable":true,"href":"https:\/\/partedepesca.com.ar\/d\/wp-json\/wp\/v2\/users\/3"}],"replies":[{"embeddable":true,"href":"https:\/\/partedepesca.com.ar\/d\/wp-json\/wp\/v2\/comments?post=4095"}],"version-history":[{"count":1,"href":"https:\/\/partedepesca.com.ar\/d\/wp-json\/wp\/v2\/posts\/4095\/revisions"}],"predecessor-version":[{"id":4097,"href":"https:\/\/partedepesca.com.ar\/d\/wp-json\/wp\/v2\/posts\/4095\/revisions\/4097"}],"wp:featuredmedia":[{"embeddable":true,"href":"https:\/\/partedepesca.com.ar\/d\/wp-json\/wp\/v2\/media\/4096"}],"wp:attachment":[{"href":"https:\/\/partedepesca.com.ar\/d\/wp-json\/wp\/v2\/media?parent=4095"}],"wp:term":[{"taxonomy":"category","embeddable":true,"href":"https:\/\/partedepesca.com.ar\/d\/wp-json\/wp\/v2\/categories?post=4095"},{"taxonomy":"post_tag","embeddable":true,"href":"https:\/\/partedepesca.com.ar\/d\/wp-json\/wp\/v2\/tags?post=4095"}],"curies":[{"name":"wp","href":"https:\/\/api.w.org\/{rel}","templated":true}]}}