{"id":3945,"date":"2024-01-09T21:29:28","date_gmt":"2024-01-09T21:29:28","guid":{"rendered":"https:\/\/partedepesca.com.ar\/d\/?p=3945"},"modified":"2024-01-10T18:09:28","modified_gmt":"2024-01-10T18:09:28","slug":"fepa-respaldo-al-supa-chubut-y-adhiere-al-paro-de-la-cgt","status":"publish","type":"post","link":"https:\/\/partedepesca.com.ar\/d\/fepa-respaldo-al-supa-chubut-y-adhiere-al-paro-de-la-cgt\/","title":{"rendered":"FEPA respald\u00f3 al SUPA Chubut y adhiere al paro de la CGT"},"content":{"rendered":"\n<p><strong>\u201cVamos a parar todos los puertos del pa\u00eds\u201d<\/strong>, anunci\u00f3 este martes la Federaci\u00f3n de Estibadores Portuarios Argentinos (FEPA), al confirmar que adhieren a la huelga general convocada por la CGT nacional para el 24 de enero.<\/p>\n\n\n\n<p>La entidad que nuclea al conjunto de los trabajadores de la estiba del pa\u00eds se reuni\u00f3 en la sede del SUPA del Puerto de La Plata \u201ccon el objetivo de debatir las problem\u00e1ticas m\u00e1s acuciantes que actualmente afectan a nuestra actividad a lo largo y ancho del territorio nacional\u201d, indicaron.<\/p>\n\n\n\n<p>En el encuentro, se definieron tres medidas que adoptar\u00e1 la organizaci\u00f3n gremial. Por un lado, \u201cse decidi\u00f3 que apoyamos y acompa\u00f1aremos a los compa\u00f1eros de SUPA-CHUBUT ante la fuerte embestida que padecen desde julio\/agosto del corriente a\u00f1o por parte de <strong>un minoritario grupo empresario de la estiba con fuertes v\u00ednculos pol\u00edticos que b\u00e1sicamente apuntan a remover la dirigencia sindical que no le es af\u00edn<\/strong> y no respetar la paritaria suscripta por la mayor\u00eda absoluta de los empresarios de la actividad de la Provincia, desconociendo caprichosamente que a igual tarea corresponde igual remuneraci\u00f3n\u201d, se\u00f1alaron desde FEPA.<\/p>\n\n\n\n<p class=\"has-vivid-cyan-blue-color has-text-color has-link-color wp-elements-7f84d237da4b495ee79c2e3c69591bbe\"><strong>INFLACI\u00d3N Y PARITARIA<\/strong><\/p>\n\n\n\n<p>Agregan que \u201ccon dicho accionar ilegal y desleal, <strong>aquellos que monopolizan la estiba principalmente en puertos de explotaci\u00f3n directa de la Provincia tambi\u00e9n mantienen en vilo a todos los trabajadores chubutenses<\/strong> vinculados a la actividad y a los trabajadores bajo su dependencia que contin\u00faan sin recibir sus correspondientes aumentos, por cuanto <strong>tales empresarios desconocen la leg\u00edtima paritaria al tiempo que la dirigencia sufre persecuci\u00f3n sindical <\/strong>despiadada por diversos medios.<\/p>\n\n\n\n<p>Esto es de extrema gravedad e inaceptable, no solo por los agravios de la patronal contra los compa\u00f1eros, sino que adem\u00e1s la crisis econ\u00f3mica actual que afecta a todos los argentinos, consolid\u00f3 un aumento de precios que super\u00f3 con creces el 70% desde julio del 2023, mes en que comenz\u00f3 este conflicto\u201d, indicaron desde la entidad federada.<\/p>\n\n\n\n<p class=\"has-vivid-cyan-blue-color has-text-color has-link-color wp-elements-30b3b140c9f9362fafbcc5e16994d9be\"><strong>RECHAZO A LA REFORMA PESQUERA<\/strong><\/p>\n\n\n\n<p>Adem\u00e1s, desde FEPA manifestaron el \u201c<strong>rechazo absoluto a la modificaci\u00f3n de la ley de pesca propuesta<\/strong>. Los cambios impulsados surgen de un claro desconocimiento del sector, estas desregulaciones destruyen el empleo argentino y suponen una perdida alarmante de la soberan\u00eda de nuestros mares\u201d.<\/p>\n\n\n\n<p>Finalmente, la comisi\u00f3n directiva de la instituci\u00f3n resolvi\u00f3 que la <strong>FEPA adhiere y acompa\u00f1a el paro general resuelto por la CGT para el pr\u00f3ximo mi\u00e9rcoles 24 de enero<\/strong>. \u201cVamos a parar todos los puertos del pa\u00eds\u201d, anticiparon.<\/p>\n","protected":false},"excerpt":{"rendered":"<p>\u201cVamos a parar todos los puertos del pa\u00eds\u201d, anunci\u00f3 este martes la Federaci\u00f3n de Estibadores Portuarios Argentinos (FEPA), al confirmar que adhieren a la huelga general convocada por la CGT nacional para el 24 de enero. La entidad que nuclea al conjunto de los trabajadores de la estiba del pa\u00eds se reuni\u00f3 en la sede<\/p>\n","protected":false},"author":3,"featured_media":3946,"comment_status":"open","ping_status":"open","sticky":false,"template":"","format":"standard","meta":{"om_disable_all_campaigns":false,"_monsterinsights_skip_tracking":false,"_monsterinsights_sitenote_active":false,"_monsterinsights_sitenote_note":"","_monsterinsights_sitenote_category":0,"footnotes":""},"categories":[9],"tags":[647,672,91,671,200,348],"class_list":{"0":"post-3945","1":"post","2":"type-post","3":"status-publish","4":"format-standard","5":"has-post-thumbnail","7":"category-actualidad","8":"tag-cgt","9":"tag-estibadores","10":"tag-featured","11":"tag-fepa","12":"tag-paro-nacional","13":"tag-supa-chubut"},"aioseo_notices":[],"amp_enabled":true,"_links":{"self":[{"href":"https:\/\/partedepesca.com.ar\/d\/wp-json\/wp\/v2\/posts\/3945","targetHints":{"allow":["GET"]}}],"collection":[{"href":"https:\/\/partedepesca.com.ar\/d\/wp-json\/wp\/v2\/posts"}],"about":[{"href":"https:\/\/partedepesca.com.ar\/d\/wp-json\/wp\/v2\/types\/post"}],"author":[{"embeddable":true,"href":"https:\/\/partedepesca.com.ar\/d\/wp-json\/wp\/v2\/users\/3"}],"replies":[{"embeddable":true,"href":"https:\/\/partedepesca.com.ar\/d\/wp-json\/wp\/v2\/comments?post=3945"}],"version-history":[{"count":2,"href":"https:\/\/partedepesca.com.ar\/d\/wp-json\/wp\/v2\/posts\/3945\/revisions"}],"predecessor-version":[{"id":3948,"href":"https:\/\/partedepesca.com.ar\/d\/wp-json\/wp\/v2\/posts\/3945\/revisions\/3948"}],"wp:featuredmedia":[{"embeddable":true,"href":"https:\/\/partedepesca.com.ar\/d\/wp-json\/wp\/v2\/media\/3946"}],"wp:attachment":[{"href":"https:\/\/partedepesca.com.ar\/d\/wp-json\/wp\/v2\/media?parent=3945"}],"wp:term":[{"taxonomy":"category","embeddable":true,"href":"https:\/\/partedepesca.com.ar\/d\/wp-json\/wp\/v2\/categories?post=3945"},{"taxonomy":"post_tag","embeddable":true,"href":"https:\/\/partedepesca.com.ar\/d\/wp-json\/wp\/v2\/tags?post=3945"}],"curies":[{"name":"wp","href":"https:\/\/api.w.org\/{rel}","templated":true}]}}