{"id":3872,"date":"2023-12-30T18:26:58","date_gmt":"2023-12-30T18:26:58","guid":{"rendered":"https:\/\/partedepesca.com.ar\/d\/?p=3872"},"modified":"2024-01-03T00:01:33","modified_gmt":"2024-01-03T00:01:33","slug":"se-retoma-la-actividad-pesquera-y-dejan-sin-efecto-la-suspension-de-temporada","status":"publish","type":"post","link":"https:\/\/partedepesca.com.ar\/d\/se-retoma-la-actividad-pesquera-y-dejan-sin-efecto-la-suspension-de-temporada\/","title":{"rendered":"Se retoma la actividad pesquera y dejan sin efecto la suspensi\u00f3n de temporada"},"content":{"rendered":"\n<p>En la noche del viernes en la sede de la Prefectura de Rawson se firm\u00f3 un acta acuerdo del que participaron el secretario de Pesca, Andr\u00e9s Arbeletche, el secretario de Ambiente, Juan Rivera, el secretario General del SUPA, Alexis Guti\u00e9rrez y el intendente de Rawson, Dami\u00e1n Biss, y se suscribi\u00f3 un documento donde la entidad sindical \u201cacuerda retomar inmediatamente las actividades laborales tendientes a asegurar la descarga de la totalidad de las embarcaciones en virtud de la grave situaci\u00f3n ambiental que reviste la permanencia de capturas perecederas en bodega\u201d.<\/p>\n\n\n\n<p>All\u00ed se paut\u00f3 que, una vez normalizada la situaci\u00f3n, la autoridad de aplicaci\u00f3n de la Secretar\u00eda de Pesca \u201cproceder\u00e1 a dejar sin efecto la suspensi\u00f3n decretada sobre los despachos de las embarcaciones pesqueras con asiento en Puerto Rawson\u201d.<\/p>\n\n\n\n<p>Alexis Guti\u00e9rrez manifest\u00f3 que \u201caccede a lo requerido dejando en claro que la medida de acci\u00f3n directa versa sobre cuestiones de derecho y es absolutamente leg\u00edtima, la cual continuar\u00e1 hasta que cesen las razones que motivaron la adopci\u00f3n de las mismas hasta que finalicen los incumplimientos y solicit\u00f3 que se haga saber eso a las empresas de estiba involucradas\u201d, dice el acta.<\/p>\n\n\n\n<p class=\"has-vivid-cyan-blue-color has-text-color has-link-color wp-elements-98c367bc7806a137032472ebddb9473f\"><strong>PELIGRO DE DESPIDOS<\/strong><\/p>\n\n\n\n<p>En tanto, el s\u00e1bado 30 de diciembre, por la ma\u00f1ana, en la Secretar\u00eda de Trabajo en Rawson se reunieron el Ministro de Gobierno, Fiscal de Estado, Secretario de Trabajo, Secretario de Pesca y el Intendente de la ciudad con representantes de las entidades gremiales STIA, SOMU y SICONARA.<\/p>\n\n\n\n<p>Los sindicalistas presentes manifiestan &#8220;la uni\u00f3n en torno a las consecuencias que puedan tener los trabajadores por ellos representados, en virtud del conflicto con la descarga de materia prima, a saber, el despido o suspensi\u00f3n de los trabajadores temporarios encuadrados en STIA; como as\u00ed tambi\u00e9n la falta de pago a todos los tripulantes afectados en la producci\u00f3n por la p\u00e9rdida de materia prima en descomposici\u00f3n&#8221;, expresaron.<\/p>\n\n\n\n<p class=\"has-vivid-cyan-blue-color has-text-color has-link-color wp-elements-a15561c5be8f86e2b7a8393a3f087ee4\"><strong>REATIVAR LOS DESPACHOS<\/strong><\/p>\n\n\n\n<p>Los gremios instaron a la Secretar\u00eda de Pesca a \u201cla inmediata reactivaci\u00f3n de los despachos suspendidos en torno al da\u00f1o ambiental producido por la materia prima en descomposici\u00f3n y a la Secretar\u00eda de Trabajo a la inmediata intervenci\u00f3n en pos de garantizar el normal desempe\u00f1o de la temporada de pesca\u201d.<\/p>\n\n\n\n<p>Por su parte, la Provincia asume el compromiso de iniciar acciones administrativas y judiciales frente a la medida adoptada por el SUPA.<\/p>\n\n\n\n<p>En el mediod\u00eda del s\u00e1bado, ante los gremios, el Secretario de Pesca se comprometi\u00f3 a dejar sin efecto la Resoluci\u00f3n N\u00b0 645\/23 de manera inmediata una vez constatada la normalizaci\u00f3n ambiental del muelle en el transcurso del d\u00eda.<\/p>\n\n\n\n<figure class=\"wp-block-image size-large\"><a href=\"https:\/\/partedepesca.com.ar\/d\/wp-content\/uploads\/2023\/12\/acta-sec-trabajo-sabado-30-dic-23.jpg\"><img fetchpriority=\"high\" decoding=\"async\" width=\"1024\" height=\"825\" src=\"https:\/\/partedepesca.com.ar\/d\/wp-content\/uploads\/2023\/12\/acta-sec-trabajo-sabado-30-dic-23-1024x825.jpg\" alt=\"\" class=\"wp-image-3876\" srcset=\"https:\/\/partedepesca.com.ar\/d\/wp-content\/uploads\/2023\/12\/acta-sec-trabajo-sabado-30-dic-23-1024x825.jpg 1024w, https:\/\/partedepesca.com.ar\/d\/wp-content\/uploads\/2023\/12\/acta-sec-trabajo-sabado-30-dic-23-300x242.jpg 300w, https:\/\/partedepesca.com.ar\/d\/wp-content\/uploads\/2023\/12\/acta-sec-trabajo-sabado-30-dic-23-768x619.jpg 768w, https:\/\/partedepesca.com.ar\/d\/wp-content\/uploads\/2023\/12\/acta-sec-trabajo-sabado-30-dic-23-150x121.jpg 150w, https:\/\/partedepesca.com.ar\/d\/wp-content\/uploads\/2023\/12\/acta-sec-trabajo-sabado-30-dic-23-450x363.jpg 450w, https:\/\/partedepesca.com.ar\/d\/wp-content\/uploads\/2023\/12\/acta-sec-trabajo-sabado-30-dic-23-1200x967.jpg 1200w, https:\/\/partedepesca.com.ar\/d\/wp-content\/uploads\/2023\/12\/acta-sec-trabajo-sabado-30-dic-23.jpg 1440w\" sizes=\"(max-width: 1024px) 100vw, 1024px\" \/><\/a><figcaption class=\"wp-element-caption\">CamScanner 12-30-2023 12.38<\/figcaption><\/figure>\n\n\n\n<p class=\"has-vivid-cyan-blue-color has-text-color has-link-color wp-elements-8014712dd1e157a4c196b214fe9b12f9\"><strong>EL SUPA RATIFIC\u00d3 RECLAMOS<\/strong><\/p>\n\n\n\n<p>En este contexto, el SUPA emiti\u00f3 un comunicado en el que explica que \u201chabiendo incumplido un sector minoritario de la patronal con las medidas de seguridad e higiene que la ley hace recaer sobre sus cabezas, poniendo as\u00ed en riesgo la vida e integridad de los trabajadores de la estiba, se han adoptado todas las acciones previas e ineludibles para la adopci\u00f3n de leg\u00edtimas medidas de acci\u00f3n directa. Constatadas las denuncias por la autoridad laboral se adoptaron medidas contra la patronal denunciada. Sin embargo, persistiendo dicha patronal en su accionar ilegal, con sesgos de impunidad, mediante el poder e influencia que ostentan en diversos \u00e1mbitos del sector p\u00fablico, no ofrecieron soluci\u00f3n\u201d, esgrimieron.<\/p>\n\n\n\n<p>No obstante, advirtieron que ese sector \u201clogr\u00f3 que la Secretar\u00eda de Pesca suspenda todas las descargas en el puerto de Rawson, y ello solo porque tres empresas muy cercanas al poder no pueden operar por las leg\u00edtimas medidas adoptadas por los trabajadores contra ellas\u201d, refutaron.<\/p>\n\n\n\n<p>\u201cSemejante atropello obedece y proviene, una vez m\u00e1s, a los caprichos y designios de un sector empresario muy peque\u00f1o y conocido que maneja a su discreci\u00f3n el puerto de Rawson, es decir, aquellos empresarios denunciados por diputados y ministros, que causalmente son los mismos que se negaron a suscribir la paritaria con el SUPA\u201d, arremetieron.<\/p>\n\n\n\n<p class=\"has-vivid-cyan-blue-color has-text-color has-link-color wp-elements-23546e5f8ad8d94c8411bfa77f6d8dd9\"><strong>LA ESTIBA OPER\u00d3 EN MUELLES PRIVADOS<\/strong><\/p>\n\n\n\n<p>El conflicto en cuesti\u00f3n estuvo circunscripto a los muelles p\u00fablicos, ya que en los muelles privados de la margen sur del puerto estuvieron operando y muchos de los barcos cruzaron a bajar sus capturas. Conarpesa, Cabo V\u00edrgenes y Red Chamber descargaron en sus muelles propios.<\/p>\n\n\n\n<p>Sobre esto, el SUPA dijo que \u201clos funcionarios provinciales intervinientes bien podr\u00edan haber constre\u00f1ido a estos empresarios al cumplimiento de la ley u ordenado que las descargas las efect\u00faen las dem\u00e1s empresas de estiba registradas que no estaban bajo medidas de fuerza\u201d.<\/p>\n\n\n\n<p class=\"has-vivid-cyan-blue-color has-text-color has-link-color wp-elements-2111e6d8a32a27f27ac8fbfc0a80b265\"><strong>DENUNCIA POR LAS GU\u00cdAS<\/strong><\/p>\n\n\n\n<p>En la cronolog\u00eda de los acontecimientos, el jueves cuando comenzaron las fricciones con empresas de estibaje y comenz\u00f3 a tensarse el clima en Puerto Rawson, barcos que estaban amarrados en los muelles p\u00fablicos empezaron a cruzarse al sur para concretar sus desembarques. \u201cY ah\u00ed fue cuando en \u2018solidaridad\u2019 desaparecieron las gu\u00edas a cargo del director general de Control y Fiscalizaci\u00f3n, Jorge Caria, y por eso lo vamos a denunciar la semana que viene\u201d, revel\u00f3 una fuente. Un funcionario de segunda l\u00ednea retir\u00f3 inspectores y le avis\u00f3 a un due\u00f1o de los muelles privados que no reciba los barcos que estaban llegando de la marea y cuando se iniciaba el conflicto; despu\u00e9s se destrab\u00f3, pero el episodio podr\u00eda terminar en la Justicia o en la Oficina Anticorrupci\u00f3n.<\/p>\n\n\n\n<p>Con todo, la normalidad volver\u00eda en cuesti\u00f3n de horas, los barcos ir\u00e1n por su \u00faltima marea del a\u00f1o, y el martes la temporada de langostino volver\u00eda a retomar su ritmo.<\/p>\n","protected":false},"excerpt":{"rendered":"<p>En la noche del viernes en la sede de la Prefectura de Rawson se firm\u00f3 un acta acuerdo del que participaron el secretario de Pesca, Andr\u00e9s Arbeletche, el secretario de Ambiente, Juan Rivera, el secretario General del SUPA, Alexis Guti\u00e9rrez y el intendente de Rawson, Dami\u00e1n Biss, y se suscribi\u00f3 un documento donde la entidad<\/p>\n","protected":false},"author":3,"featured_media":3875,"comment_status":"open","ping_status":"open","sticky":false,"template":"","format":"standard","meta":{"om_disable_all_campaigns":false,"_monsterinsights_skip_tracking":false,"_monsterinsights_sitenote_active":false,"_monsterinsights_sitenote_note":"","_monsterinsights_sitenote_category":0,"footnotes":""},"categories":[9],"tags":[91],"class_list":{"0":"post-3872","1":"post","2":"type-post","3":"status-publish","4":"format-standard","5":"has-post-thumbnail","7":"category-actualidad","8":"tag-featured"},"aioseo_notices":[],"amp_enabled":true,"_links":{"self":[{"href":"https:\/\/partedepesca.com.ar\/d\/wp-json\/wp\/v2\/posts\/3872","targetHints":{"allow":["GET"]}}],"collection":[{"href":"https:\/\/partedepesca.com.ar\/d\/wp-json\/wp\/v2\/posts"}],"about":[{"href":"https:\/\/partedepesca.com.ar\/d\/wp-json\/wp\/v2\/types\/post"}],"author":[{"embeddable":true,"href":"https:\/\/partedepesca.com.ar\/d\/wp-json\/wp\/v2\/users\/3"}],"replies":[{"embeddable":true,"href":"https:\/\/partedepesca.com.ar\/d\/wp-json\/wp\/v2\/comments?post=3872"}],"version-history":[{"count":2,"href":"https:\/\/partedepesca.com.ar\/d\/wp-json\/wp\/v2\/posts\/3872\/revisions"}],"predecessor-version":[{"id":3877,"href":"https:\/\/partedepesca.com.ar\/d\/wp-json\/wp\/v2\/posts\/3872\/revisions\/3877"}],"wp:featuredmedia":[{"embeddable":true,"href":"https:\/\/partedepesca.com.ar\/d\/wp-json\/wp\/v2\/media\/3875"}],"wp:attachment":[{"href":"https:\/\/partedepesca.com.ar\/d\/wp-json\/wp\/v2\/media?parent=3872"}],"wp:term":[{"taxonomy":"category","embeddable":true,"href":"https:\/\/partedepesca.com.ar\/d\/wp-json\/wp\/v2\/categories?post=3872"},{"taxonomy":"post_tag","embeddable":true,"href":"https:\/\/partedepesca.com.ar\/d\/wp-json\/wp\/v2\/tags?post=3872"}],"curies":[{"name":"wp","href":"https:\/\/api.w.org\/{rel}","templated":true}]}}