{"id":3861,"date":"2023-12-29T19:35:17","date_gmt":"2023-12-29T19:35:17","guid":{"rendered":"https:\/\/partedepesca.com.ar\/d\/?p=3861"},"modified":"2024-01-03T00:02:23","modified_gmt":"2024-01-03T00:02:23","slug":"el-stia-repudio-la-paralizacion-de-la-zafra-de-langostino","status":"publish","type":"post","link":"https:\/\/partedepesca.com.ar\/d\/el-stia-repudio-la-paralizacion-de-la-zafra-de-langostino\/","title":{"rendered":"El STIA repudi\u00f3 la paralizaci\u00f3n de la zafra de langostino"},"content":{"rendered":"\n<p>El Sindicato de Trabajadores de la Industria de la Alimentaci\u00f3n (STIA) se pronunci\u00f3 este viernes en contra de la medida adoptada por el Gobierno de Chubut de suspender la temporada de langostino tras el paro del SUPA.<\/p>\n\n\n\n<p>La entidad que representa a los obreros de las plantas de procesamiento rechaza la medida y piden que se revea. &#8220;Los trabajadores de las distintas plantas pesqueras conjuntamente con los delegados y miembros de Comisi\u00f3n Directiva, <strong>repudian en\u00e9rgicamente la resoluci\u00f3n adoptada por el Secretario de Pesca, Dr. Andr\u00e9s Arbeletche, donde suspende los despachos<\/strong> de la flota pesquera con asiento en Puerto Rawson&#8221;, dice el comunicado que difundi\u00f3 el gremio que conduce Luis N\u00fa\u00f1ez.<\/p>\n\n\n\n<p>Sostienen que esta situaci\u00f3n &#8220;deja en estado de desaz\u00f3n a miles de trabajadores que dependemos de esta actividad&#8221;, reprochan sobre la medida. &#8220;Evidentemente solo pensando en un sector, en el sector empresario. Es por lo que solicitamos al Secretario de Pesca a trav\u00e9s de este comunicado que deje sin efecto de forma inmediata la resoluci\u00f3n impuesta en forma arbitraria y desmedida&#8221;. Finalmente, el STIA avisa que se <strong>movilizar\u00e1n los trabajadores de todas las plantas el martes 2 de enero a las 10 horas a la Secretar\u00eda de Pesca<\/strong>.<\/p>\n\n\n\n<figure class=\"wp-block-image size-full\"><a href=\"https:\/\/partedepesca.com.ar\/d\/wp-content\/uploads\/2023\/12\/1cc2296f-621a-4877-81ad-8b842f7ab70e.jpg\"><img fetchpriority=\"high\" decoding=\"async\" width=\"707\" height=\"1010\" src=\"https:\/\/partedepesca.com.ar\/d\/wp-content\/uploads\/2023\/12\/1cc2296f-621a-4877-81ad-8b842f7ab70e.jpg\" alt=\"\" class=\"wp-image-3869\" srcset=\"https:\/\/partedepesca.com.ar\/d\/wp-content\/uploads\/2023\/12\/1cc2296f-621a-4877-81ad-8b842f7ab70e.jpg 707w, https:\/\/partedepesca.com.ar\/d\/wp-content\/uploads\/2023\/12\/1cc2296f-621a-4877-81ad-8b842f7ab70e-210x300.jpg 210w, https:\/\/partedepesca.com.ar\/d\/wp-content\/uploads\/2023\/12\/1cc2296f-621a-4877-81ad-8b842f7ab70e-150x214.jpg 150w, https:\/\/partedepesca.com.ar\/d\/wp-content\/uploads\/2023\/12\/1cc2296f-621a-4877-81ad-8b842f7ab70e-450x643.jpg 450w\" sizes=\"(max-width: 707px) 100vw, 707px\" \/><\/a><\/figure>\n","protected":false},"excerpt":{"rendered":"<p>El Sindicato de Trabajadores de la Industria de la Alimentaci\u00f3n (STIA) se pronunci\u00f3 este viernes en contra de la medida adoptada por el Gobierno de Chubut de suspender la temporada de langostino tras el paro del SUPA. La entidad que representa a los obreros de las plantas de procesamiento rechaza la medida y piden que<\/p>\n","protected":false},"author":3,"featured_media":3864,"comment_status":"open","ping_status":"open","sticky":false,"template":"","format":"standard","meta":{"om_disable_all_campaigns":false,"_monsterinsights_skip_tracking":false,"_monsterinsights_sitenote_active":false,"_monsterinsights_sitenote_note":"","_monsterinsights_sitenote_category":0,"footnotes":""},"categories":[9],"tags":[91,441,299],"class_list":{"0":"post-3861","1":"post","2":"type-post","3":"status-publish","4":"format-standard","5":"has-post-thumbnail","7":"category-actualidad","8":"tag-featured","9":"tag-stia","10":"tag-temporada-de-langostino"},"aioseo_notices":[],"amp_enabled":true,"_links":{"self":[{"href":"https:\/\/partedepesca.com.ar\/d\/wp-json\/wp\/v2\/posts\/3861","targetHints":{"allow":["GET"]}}],"collection":[{"href":"https:\/\/partedepesca.com.ar\/d\/wp-json\/wp\/v2\/posts"}],"about":[{"href":"https:\/\/partedepesca.com.ar\/d\/wp-json\/wp\/v2\/types\/post"}],"author":[{"embeddable":true,"href":"https:\/\/partedepesca.com.ar\/d\/wp-json\/wp\/v2\/users\/3"}],"replies":[{"embeddable":true,"href":"https:\/\/partedepesca.com.ar\/d\/wp-json\/wp\/v2\/comments?post=3861"}],"version-history":[{"count":3,"href":"https:\/\/partedepesca.com.ar\/d\/wp-json\/wp\/v2\/posts\/3861\/revisions"}],"predecessor-version":[{"id":3870,"href":"https:\/\/partedepesca.com.ar\/d\/wp-json\/wp\/v2\/posts\/3861\/revisions\/3870"}],"wp:featuredmedia":[{"embeddable":true,"href":"https:\/\/partedepesca.com.ar\/d\/wp-json\/wp\/v2\/media\/3864"}],"wp:attachment":[{"href":"https:\/\/partedepesca.com.ar\/d\/wp-json\/wp\/v2\/media?parent=3861"}],"wp:term":[{"taxonomy":"category","embeddable":true,"href":"https:\/\/partedepesca.com.ar\/d\/wp-json\/wp\/v2\/categories?post=3861"},{"taxonomy":"post_tag","embeddable":true,"href":"https:\/\/partedepesca.com.ar\/d\/wp-json\/wp\/v2\/tags?post=3861"}],"curies":[{"name":"wp","href":"https:\/\/api.w.org\/{rel}","templated":true}]}}