{"id":3784,"date":"2023-12-26T15:10:11","date_gmt":"2023-12-26T15:10:11","guid":{"rendered":"https:\/\/partedepesca.com.ar\/d\/?p=3784"},"modified":"2023-12-27T20:33:00","modified_gmt":"2023-12-27T20:33:00","slug":"sturzenegger-adelanto-que-van-a-modificar-el-regimen-de-pesca","status":"publish","type":"post","link":"https:\/\/partedepesca.com.ar\/d\/sturzenegger-adelanto-que-van-a-modificar-el-regimen-de-pesca\/","title":{"rendered":"Sturzenegger adelant\u00f3 que van a modificar el \u201cr\u00e9gimen de pesca\u201d"},"content":{"rendered":"\n<p>El Gobierno nacional oficializ\u00f3 este martes la convocatoria a sesiones extraordinarias del Congreso. El asesor presidencial Federico Sturzenegger anticip\u00f3 que el paquete que enviar\u00e1 el Ejecutivo es m\u00e1s &#8220;grande y sustancioso&#8221; que el contenido del DNU de la semana pasada. El trabajo legislativo en esta instancia se extender\u00e1 hasta el 31 de enero de 2024.<\/p>\n\n\n\n<p>La novedad que caus\u00f3 sorpresa en el sector pesquero la revel\u00f3 el extitular del Banco Central del gobierno de Mauricio Macri al comunicar a trav\u00e9s de un cable de la agencia de noticias T\u00e9lam que la administraci\u00f3n Milei promover\u00e1 una modificaci\u00f3n del R\u00e9gimen Federal de Pesca.<\/p>\n\n\n\n<p>\u201cQueremos hacer algo en educaci\u00f3n y en el r\u00e9gimen electoral, <strong>queremos hacer cosas con el r\u00e9gimen de pesca, en el r\u00e9gimen de competencia<\/strong>. Eso va a ir muy pronto al Congreso para tener una discusi\u00f3n muy rica\u201d, adelant\u00f3 Sturzenegger.<\/p>\n\n\n\n<p>Nadie en el sector sabe de qu\u00e9 se trata. Tampoco hay interlocutores directos en el Gobierno nacional con referentes de la industria pesquera argentina.<\/p>\n\n\n\n<p>A poco de terminar el a\u00f1o, a\u00fan no se ha designado un funcionario al frente de la Subsecretar\u00eda de Pesca de la Naci\u00f3n, y cuando ese tr\u00e1mite este completado, <strong>tampoco hay expectativas que sea un funcionario con peso pol\u00edtico, se limitar\u00eda a cumplir un rol administrativo<\/strong>.<\/p>\n\n\n\n<p>Dif\u00edcilmente quien termine al mando de la Subsecretar\u00eda de Pesca tenga poder de influencia dentro del equipo econ\u00f3mico para discutir o revertir la suba de los derechos de exportaci\u00f3n o defina los cambios que Sturzenegger planea impulsar en el R\u00e9gimen Federal de Pesca.<\/p>\n\n\n\n<p>Arranc\u00f3 la semana tras las festividades navide\u00f1as, y el <strong>anunci\u00f3 del Asesor Presidencial abri\u00f3 un sinn\u00famero de interrogantes en la actividad pesquera<\/strong>.<\/p>\n\n\n\n<p>Sturzenegger es el principal impulsor de la desregulaci\u00f3n total de la econom\u00eda. <strong>Promovi\u00f3 la pol\u00edtica de \u2018cielos abiertos\u2019. \u00bfAhora ir\u00e1 por mares abiertos?<\/strong><\/p>\n","protected":false},"excerpt":{"rendered":"<p>El Gobierno nacional oficializ\u00f3 este martes la convocatoria a sesiones extraordinarias del Congreso. El asesor presidencial Federico Sturzenegger anticip\u00f3 que el paquete que enviar\u00e1 el Ejecutivo es m\u00e1s &#8220;grande y sustancioso&#8221; que el contenido del DNU de la semana pasada. El trabajo legislativo en esta instancia se extender\u00e1 hasta el 31 de enero de 2024.<\/p>\n","protected":false},"author":3,"featured_media":3786,"comment_status":"open","ping_status":"open","sticky":false,"template":"","format":"standard","meta":{"om_disable_all_campaigns":false,"_monsterinsights_skip_tracking":false,"_monsterinsights_sitenote_active":false,"_monsterinsights_sitenote_note":"","_monsterinsights_sitenote_category":0,"footnotes":""},"categories":[9],"tags":[91,631,632,630],"class_list":{"0":"post-3784","1":"post","2":"type-post","3":"status-publish","4":"format-standard","5":"has-post-thumbnail","7":"category-actualidad","8":"tag-featured","9":"tag-federico-sturzenegger","10":"tag-mares-abiertos","11":"tag-regimen-federal-de-pesca"},"aioseo_notices":[],"amp_enabled":true,"_links":{"self":[{"href":"https:\/\/partedepesca.com.ar\/d\/wp-json\/wp\/v2\/posts\/3784","targetHints":{"allow":["GET"]}}],"collection":[{"href":"https:\/\/partedepesca.com.ar\/d\/wp-json\/wp\/v2\/posts"}],"about":[{"href":"https:\/\/partedepesca.com.ar\/d\/wp-json\/wp\/v2\/types\/post"}],"author":[{"embeddable":true,"href":"https:\/\/partedepesca.com.ar\/d\/wp-json\/wp\/v2\/users\/3"}],"replies":[{"embeddable":true,"href":"https:\/\/partedepesca.com.ar\/d\/wp-json\/wp\/v2\/comments?post=3784"}],"version-history":[{"count":1,"href":"https:\/\/partedepesca.com.ar\/d\/wp-json\/wp\/v2\/posts\/3784\/revisions"}],"predecessor-version":[{"id":3785,"href":"https:\/\/partedepesca.com.ar\/d\/wp-json\/wp\/v2\/posts\/3784\/revisions\/3785"}],"wp:featuredmedia":[{"embeddable":true,"href":"https:\/\/partedepesca.com.ar\/d\/wp-json\/wp\/v2\/media\/3786"}],"wp:attachment":[{"href":"https:\/\/partedepesca.com.ar\/d\/wp-json\/wp\/v2\/media?parent=3784"}],"wp:term":[{"taxonomy":"category","embeddable":true,"href":"https:\/\/partedepesca.com.ar\/d\/wp-json\/wp\/v2\/categories?post=3784"},{"taxonomy":"post_tag","embeddable":true,"href":"https:\/\/partedepesca.com.ar\/d\/wp-json\/wp\/v2\/tags?post=3784"}],"curies":[{"name":"wp","href":"https:\/\/api.w.org\/{rel}","templated":true}]}}