{"id":3753,"date":"2023-12-19T20:41:48","date_gmt":"2023-12-19T20:41:48","guid":{"rendered":"https:\/\/partedepesca.com.ar\/d\/?p=3753"},"modified":"2023-12-22T12:33:02","modified_gmt":"2023-12-22T12:33:02","slug":"siguen-las-postulaciones-para-pesca-de-nacion","status":"publish","type":"post","link":"https:\/\/partedepesca.com.ar\/d\/siguen-las-postulaciones-para-pesca-de-nacion\/","title":{"rendered":"Siguen las postulaciones para Pesca de Naci\u00f3n"},"content":{"rendered":"\n<p>A diez d\u00edas de haber asumido el nuevo Gobierno contin\u00faa vacante el \u00e1rea que tiene a su cargo la administraci\u00f3n pesquera nacional. Desde que Javier Milei gan\u00f3 el balotaje circularon diferentes nombres para la Subsecretar\u00eda de Pesca, pero ninguno termin\u00f3 confirm\u00e1ndose, ni c\u00f3mo quedar\u00e1 finalmente el \u00e1rea, en el reestructurado gabinete nacional.<\/p>\n\n\n\n<p>Fernando Vilella se vino presentando desde que asumi\u00f3 como Secretario de Bioeconom\u00eda, pero el decreto 49\/2023 publicado ayer en el Bolet\u00edn Oficial firmado por el Presidente y el ministro Luis Caputo lo designan bajo la figura de \u2018Secretario de Agricultura, Ganader\u00eda y Pesca\u2019.<\/p>\n\n\n\n<p>A los nombres que se trascendieron desde el 19 de noviembre, en las \u00faltimas horas se mencion\u00f3 en el \u00e1mbito pesquero el del abogado comodorense Rodrigo Gait\u00e1n, que hasta ahora se desempe\u00f1a como vicepresidente del Banco del Chubut, cargo al que accedi\u00f3 a propuesta del ex gobernador Mariano Arcioni; quien dicho sea de paso ya goza de su banca como miembro del Parlasur en Montevideo.<\/p>\n\n\n\n<p>A Gait\u00e1n se le conocen algunos v\u00ednculos con sectores la flota amarilla de Rawson y ha sido funcionario de la gesti\u00f3n saliente en la entidad financiera. Tiene adem\u00e1s estrechos lazos con un empresario madrynense de la construcci\u00f3n, vinculado a la obra p\u00fablica, al que el nuevo gobernador Ignacio Torres ha se\u00f1alado, p\u00fablicamente, en varias oportunidades por incumplimientos con el Estado.<\/p>\n\n\n\n<p>Por otro lado, la nueva presidencia del Banco del Chubut tendr\u00eda la instrucci\u00f3n de auditar a los m\u00e1s beneficiados con los descubiertos, entre los que aparecer\u00eda una constructora de Trelew, que ejecuta obra p\u00fablica, y con v\u00ednculos con empresas que operan en el muelle de Rawson. <\/p>\n\n\n\n<p>Con todo, desde el sector pesquero siguen a la espera de definiciones y que la cartera quede a cargo de gente que conozca la actividad. Fernando Vilella recibi\u00f3 esta semana a la Mesa de Enlace del campo y al Consejo Agroindustrial Argentino, participando un representante de Interc\u00e1maras de la Industria Pesquera Argentina, recibiendo el compromiso de las autoridades nacionales que en los pr\u00f3ximos d\u00edas se habilitar\u00e1 una mesa de an\u00e1lisis de las retenciones para el sector pesquero, por lo que podr\u00eda haber definiciones en el corto plazo.<\/p>\n","protected":false},"excerpt":{"rendered":"<p>A diez d\u00edas de haber asumido el nuevo Gobierno contin\u00faa vacante el \u00e1rea que tiene a su cargo la administraci\u00f3n pesquera nacional. Desde que Javier Milei gan\u00f3 el balotaje circularon diferentes nombres para la Subsecretar\u00eda de Pesca, pero ninguno termin\u00f3 confirm\u00e1ndose, ni c\u00f3mo quedar\u00e1 finalmente el \u00e1rea, en el reestructurado gabinete nacional. Fernando Vilella se<\/p>\n","protected":false},"author":3,"featured_media":3754,"comment_status":"open","ping_status":"open","sticky":false,"template":"","format":"standard","meta":{"om_disable_all_campaigns":false,"_monsterinsights_skip_tracking":false,"_monsterinsights_sitenote_active":false,"_monsterinsights_sitenote_note":"","_monsterinsights_sitenote_category":0,"footnotes":""},"categories":[9],"tags":[91],"class_list":{"0":"post-3753","1":"post","2":"type-post","3":"status-publish","4":"format-standard","5":"has-post-thumbnail","7":"category-actualidad","8":"tag-featured"},"aioseo_notices":[],"amp_enabled":true,"_links":{"self":[{"href":"https:\/\/partedepesca.com.ar\/d\/wp-json\/wp\/v2\/posts\/3753","targetHints":{"allow":["GET"]}}],"collection":[{"href":"https:\/\/partedepesca.com.ar\/d\/wp-json\/wp\/v2\/posts"}],"about":[{"href":"https:\/\/partedepesca.com.ar\/d\/wp-json\/wp\/v2\/types\/post"}],"author":[{"embeddable":true,"href":"https:\/\/partedepesca.com.ar\/d\/wp-json\/wp\/v2\/users\/3"}],"replies":[{"embeddable":true,"href":"https:\/\/partedepesca.com.ar\/d\/wp-json\/wp\/v2\/comments?post=3753"}],"version-history":[{"count":4,"href":"https:\/\/partedepesca.com.ar\/d\/wp-json\/wp\/v2\/posts\/3753\/revisions"}],"predecessor-version":[{"id":3760,"href":"https:\/\/partedepesca.com.ar\/d\/wp-json\/wp\/v2\/posts\/3753\/revisions\/3760"}],"wp:featuredmedia":[{"embeddable":true,"href":"https:\/\/partedepesca.com.ar\/d\/wp-json\/wp\/v2\/media\/3754"}],"wp:attachment":[{"href":"https:\/\/partedepesca.com.ar\/d\/wp-json\/wp\/v2\/media?parent=3753"}],"wp:term":[{"taxonomy":"category","embeddable":true,"href":"https:\/\/partedepesca.com.ar\/d\/wp-json\/wp\/v2\/categories?post=3753"},{"taxonomy":"post_tag","embeddable":true,"href":"https:\/\/partedepesca.com.ar\/d\/wp-json\/wp\/v2\/tags?post=3753"}],"curies":[{"name":"wp","href":"https:\/\/api.w.org\/{rel}","templated":true}]}}