{"id":3750,"date":"2023-12-19T11:12:05","date_gmt":"2023-12-19T11:12:05","guid":{"rendered":"https:\/\/partedepesca.com.ar\/d\/?p=3750"},"modified":"2023-12-21T12:03:12","modified_gmt":"2023-12-21T12:03:12","slug":"las-retenciones-al-15-nos-deja-afuera-del-mercado-advierte-alfa","status":"publish","type":"post","link":"https:\/\/partedepesca.com.ar\/d\/las-retenciones-al-15-nos-deja-afuera-del-mercado-advierte-alfa\/","title":{"rendered":"Las retenciones al 15% \u201cnos deja afuera del mercado\u201d, advierte ALFA"},"content":{"rendered":"\n<p>La Asociaci\u00f3n C\u00e1mara Argentina Pesquera CAPEAR ALFA se pronunci\u00f3 ante la bater\u00eda de medidas que planea poner en marcha el equipo econ\u00f3mico del presidente Javier Milei. La entidad empresaria que preside Mariano Retrivi se\u00f1ala que un incremento de los DEx impacta negativamente en la producci\u00f3n de valor agregado e insta a revisar la aplicaci\u00f3n de retenciones al 15 por ciento, tal como est\u00e1 planteado hasta este momento, valor que alcanzar\u00eda a todos los productos exportables de la industria pesquera. Son horas decisivas, ya que son m\u00faltiples las gestiones a nivel empresario y gubernamental que se llevan a cabo antes que se termine la redacci\u00f3n del proyecto de ley que el Ejecutivo enviar\u00e1 al Congreso nacional.<\/p>\n\n\n\n<p class=\"has-vivid-cyan-blue-color has-text-color has-link-color wp-elements-0938c87f9f2dd128c49cdd608ec4bdcb\"><strong>P\u00c9RDIDA DE COMPETITIVIDAD<\/strong><\/p>\n\n\n\n<p>\u201cEl ministro de Econom\u00eda Luis Caputo expres\u00f3 que, una vez finalizada la emergencia, se avanzar\u00e1 en la eliminaci\u00f3n del pago de todos los derechos de exportaci\u00f3n, pues, seg\u00fan el funcionario, constituyen un gravamen perverso que entorpece el desarrollo de Argentina\u201d, cita la c\u00e1mara marplatense. \u201cCoincidimos con el ministro en el concepto, sin embargo, en el mientras tanto aumentar\u00eda los derechos al 15 % para todos los productos elaborados de la pesca, y en el caso de nuestra industria, <strong>esta medida disparara una fuerte p\u00e9rdida de competitividad frente a pa\u00edses reprocesadores<\/strong> <strong>de nuestros commodities<\/strong> (China \u2013 Taiw\u00e1n- Vietnam- Marruecos-Per\u00fa, etc.)\u201d, puntualizan.<\/p>\n\n\n\n<p>Desde CAPEAR ALFA \u201cpedimos y rogamos al gobierno que no avance con estos aumentos y explicamos porque: De acuerdo a la medida, publicada en el Bolet\u00edn Oficial, el 6 de noviembre del 2021, se eliminaron los derechos de exportaci\u00f3n -hasta entonces del 4.5%- para conservas y preparaciones de pescados y mariscos procesados \u00edntegramente en Argentina, sean estos platos preparados o listos, en salsas o aceites. En otros casos, las al\u00edcuotas del derecho de exportaci\u00f3n fueron rebajadas, como en el caso del langostino \u201ceasy peel\u201d o \u201cTail on\u201d envasado, cuyo arancel baj\u00f3 del 5% al 1%, y el tubo limpio de calamar en envases de hasta un kilo, cuya al\u00edcuota pasa del 7% al 5%\u201d, detallan sobre el actual esquema de DEx vigente en el que se incentiv\u00f3 el agregado de valor.<\/p>\n\n\n\n<p>A su vez, \u201clos derechos de exportaci\u00f3n de la corvina bajaron al 5% -en lugar del 7%- y en el caso de la pescadilla, el lenguado, el mero, el besugo, entre otros filetes congelados de especies de mar se disminuyeron los aranceles al 3%, desde una al\u00edcuota del 5%\u201d.<\/p>\n\n\n\n<p class=\"has-vivid-cyan-blue-color has-text-color has-link-color wp-elements-ed73a19272b65bd55fe81f1e1f61e631\"><strong>GRAVAMEN PERVERSO<\/strong><\/p>\n\n\n\n<p>Sin embargo, el nuevo Gobierno, \u201clejos de eliminar este absurdo y da\u00f1ino impuesto, lo elevar\u00eda al 15% para todos los productos. Estamos obligados a remarcarle al Gobierno, que para poder conseguir abrir un mercado para productos elaborados de la Pesca Argentina, por ejemplo Bolsitas de Langostinos Pelados, o envases para G\u00f3ndolas directas, se invierte much\u00edsimo dinero y tiempo en: Ferias Internacionales, Muestras, Folleter\u00eda, reuniones y eso a veces toma hasta 2 o 3 a\u00f1os, sin embargo, todos los mercados conseguidos o los clientes, al aumentarles nuestros productos tan solo 2 o 3 porciento, nos deja afuera del mercado, es decir que <strong>lo que logramos en 2 o 3 a\u00f1os, lo perder\u00edamos inmediatamente<\/strong> al enviar el primer env\u00edo con el aumento del 15%, es m\u00e1s, incluso lo perderemos as\u00ed absorbi\u00e9ramos la mitad del <strong>gravamen perverso<\/strong> y envi\u00e1ramos un aumento del 7%\u201d, alertan desde el nucleamiento empresario.<\/p>\n\n\n\n<p>Finalmente, la c\u00e1mara que preside Retrivi insta al Gobierno y a los legisladores nacionales que \u201chabiliten con presura las discusiones necesarias para lograr la correcci\u00f3n del rumbo econ\u00f3mico del pa\u00eds no se lleve adelante a trav\u00e9s de este tipo de medidas perjudiciales\u201d, concluye.<\/p>\n","protected":false},"excerpt":{"rendered":"<p>La Asociaci\u00f3n C\u00e1mara Argentina Pesquera CAPEAR ALFA se pronunci\u00f3 ante la bater\u00eda de medidas que planea poner en marcha el equipo econ\u00f3mico del presidente Javier Milei. La entidad empresaria que preside Mariano Retrivi se\u00f1ala que un incremento de los DEx impacta negativamente en la producci\u00f3n de valor agregado e insta a revisar la aplicaci\u00f3n de<\/p>\n","protected":false},"author":3,"featured_media":3751,"comment_status":"open","ping_status":"open","sticky":false,"template":"","format":"standard","meta":{"om_disable_all_campaigns":false,"_monsterinsights_skip_tracking":false,"_monsterinsights_sitenote_active":false,"_monsterinsights_sitenote_note":"","_monsterinsights_sitenote_category":0,"footnotes":""},"categories":[9],"tags":[500,618,91,172],"class_list":{"0":"post-3750","1":"post","2":"type-post","3":"status-publish","4":"format-standard","5":"has-post-thumbnail","7":"category-actualidad","8":"tag-capear-alfa","9":"tag-derechos-de-exportacion","10":"tag-featured","11":"tag-industria-pesquera"},"aioseo_notices":[],"amp_enabled":true,"_links":{"self":[{"href":"https:\/\/partedepesca.com.ar\/d\/wp-json\/wp\/v2\/posts\/3750","targetHints":{"allow":["GET"]}}],"collection":[{"href":"https:\/\/partedepesca.com.ar\/d\/wp-json\/wp\/v2\/posts"}],"about":[{"href":"https:\/\/partedepesca.com.ar\/d\/wp-json\/wp\/v2\/types\/post"}],"author":[{"embeddable":true,"href":"https:\/\/partedepesca.com.ar\/d\/wp-json\/wp\/v2\/users\/3"}],"replies":[{"embeddable":true,"href":"https:\/\/partedepesca.com.ar\/d\/wp-json\/wp\/v2\/comments?post=3750"}],"version-history":[{"count":1,"href":"https:\/\/partedepesca.com.ar\/d\/wp-json\/wp\/v2\/posts\/3750\/revisions"}],"predecessor-version":[{"id":3752,"href":"https:\/\/partedepesca.com.ar\/d\/wp-json\/wp\/v2\/posts\/3750\/revisions\/3752"}],"wp:featuredmedia":[{"embeddable":true,"href":"https:\/\/partedepesca.com.ar\/d\/wp-json\/wp\/v2\/media\/3751"}],"wp:attachment":[{"href":"https:\/\/partedepesca.com.ar\/d\/wp-json\/wp\/v2\/media?parent=3750"}],"wp:term":[{"taxonomy":"category","embeddable":true,"href":"https:\/\/partedepesca.com.ar\/d\/wp-json\/wp\/v2\/categories?post=3750"},{"taxonomy":"post_tag","embeddable":true,"href":"https:\/\/partedepesca.com.ar\/d\/wp-json\/wp\/v2\/tags?post=3750"}],"curies":[{"name":"wp","href":"https:\/\/api.w.org\/{rel}","templated":true}]}}