{"id":3741,"date":"2023-12-18T15:22:31","date_gmt":"2023-12-18T15:22:31","guid":{"rendered":"https:\/\/partedepesca.com.ar\/d\/?p=3741"},"modified":"2023-12-19T20:42:08","modified_gmt":"2023-12-19T20:42:08","slug":"madryn-quienes-son-los-empresarios-pesqueros-detenidos-por-presunto-homicidio","status":"publish","type":"post","link":"https:\/\/partedepesca.com.ar\/d\/madryn-quienes-son-los-empresarios-pesqueros-detenidos-por-presunto-homicidio\/","title":{"rendered":"Madryn: Qui\u00e9nes son los empresarios pesqueros detenidos por presunto homicidio"},"content":{"rendered":"\n<p>La semana pasada dos personas fueron detenidas en Puerto Madryn acusados de haber desaparecido y asesinado a un joven en un presunto ajuste de cuentas por el robo de una motocicleta. Los dos detenidos <strong>son los mismos que un mes atr\u00e1s fueron imputados por el robo de un cami\u00f3n, con un cargamento de langostino<\/strong>, que posteriormente apareci\u00f3 en la localidad de Camarones.<\/p>\n\n\n\n<p><strong>Eber Ariel Estremador<\/strong> de 34 a\u00f1os de edad, al\u00edas &#8220;Chucky&#8221;, <strong>era un hamp\u00f3n conocido en el ambiente policial<\/strong>, vinculado a una serie de robos por los que ha tenido diferentes causas penales en tr\u00e1mite. Desapareci\u00f3 el 24 de octubre, poco despu\u00e9s de haberse presentado en la Fiscal\u00eda de Madryn por una de las causas que ten\u00eda por delitos contra la propiedad.<\/p>\n\n\n\n<p>El fiscal Alex Williams revel\u00f3 que la investigaci\u00f3n, en t\u00e9rminos cronol\u00f3gicos, se remonta al domingo 22 de octubre cuando se produce el robo de una motocicleta en el barrio 630. Los damnificados apuntan sus sospechas a que la sustracci\u00f3n hab\u00eda sido hecha por Estremador y sus allegados.<\/p>\n\n\n\n<p>El lunes 23 por la tarde noche, tres camionetas con varias personas, ubican a Estremador en el barrio Oeste de Madryn, tras un seguimiento, llegan a la casa donde se encontraba. Una c\u00e1mara ubicada en las inmediaciones muestra que lo suben a la fuerza y lo conducen al lugar donde se hab\u00eda producido el robo del motoveh\u00edculo. Y en esas circunstancias<strong> el presunto ladr\u00f3n zafa de sus captores y se da a la fuga<\/strong>.<\/p>\n\n\n\n<p>El fiscal Williams precis\u00f3 que al d\u00eda siguiente, el 24 de octubre, \u201cChucky\u201d Estremador va a la Fiscal\u00eda a realizar un tr\u00e1mite de rigor en una de las causas en que se encuentra imputado. \u201cSe retira de la Fiscal\u00eda y nunca nadie m\u00e1s lo ve hasta que su padre realiza la denuncia por desaparici\u00f3n el 1 de noviembre\u201d, cont\u00f3 el funcionario judicial.<\/p>\n\n\n\n<p>En la reconstrucci\u00f3n de los hechos y tras buscar diferentes c\u00e1maras p\u00fablicas y de particulares, logran determinar que tras salir aquel d\u00eda de Tribunales <strong>es interceptado entre los barrios Pujol I y II, en la Avenida del Trabajo<\/strong>, en un sem\u00e1foro, por un auto Gol negro con dos ocupantes. El fiscal revela que testigos dijeron que all\u00ed fue brutalmente golpeado e introducido en el auto. Otras c\u00e1maras determinan que el veh\u00edculo sali\u00f3 de la zona urbana hacia el norte de la ciudad. La hip\u00f3tesis de la fiscal\u00eda es que el desaparecido fue asesinado y su cuerpo enterrado en la zona norte de Madryn.<\/p>\n\n\n\n<p>\u201cC\u00f3mo llegamos a estas personas que hoy est\u00e1n detenidas. Porque son las personas que el lunes 23 de octubre hab\u00edan levantado a Estremador en la zona oeste, llevado a las 630 para que diga d\u00f3nde est\u00e1 la moto; las l\u00edneas de tel\u00e9fonos de estas dos personas coinciden con todo este movimiento que hizo Estremador el d\u00eda que desaparece y la zona que recorre el auto negro, pierden la antena y vuelven a ser captados por las antenas dos horas despu\u00e9s que se intercepta al desaparecido\u201d, indic\u00f3 Williams en declaraciones a LU20.<\/p>\n\n\n\n<p>Las personas detenidas con prisi\u00f3n preventiva son <strong>Gustavo Edmundo Carre\u00f1o (40)<\/strong> y <strong>Mat\u00edas Sebasti\u00e1n Draiye (38)<\/strong>, ambos empresarios, socios propietarios de la empresa <strong>Bah\u00eda Camarones Pesquera SRL<\/strong>.<\/p>\n\n\n\n<p>En esa planta pesquera de la localidad hom\u00f3nima es donde a principios de noviembre fue hallado el <a href=\"https:\/\/partedepesca.com.ar\/d\/quienes-son-los-imputados-por-el-robo-del-cargamento-de-langostino\/\">cargamento de langostino que hab\u00eda sido denunciado como robado por \u2018piratas del asfalto\u2019<\/a>, pero que a la postre la Fiscal\u00eda determin\u00f3 que Carre\u00f1o y Draiye actuaron en connivencia con el chofer del cami\u00f3n que transportaba la carga de pescado desde Puerto Deseado hasta Mar del Plata, simularon un atraco en Puerto Madryn, y llevaron la mercader\u00eda a la planta de procesamiento de Camarones.<\/p>\n","protected":false},"excerpt":{"rendered":"<p>La semana pasada dos personas fueron detenidas en Puerto Madryn acusados de haber desaparecido y asesinado a un joven en un presunto ajuste de cuentas por el robo de una motocicleta. Los dos detenidos son los mismos que un mes atr\u00e1s fueron imputados por el robo de un cami\u00f3n, con un cargamento de langostino, que<\/p>\n","protected":false},"author":3,"featured_media":3742,"comment_status":"open","ping_status":"open","sticky":false,"template":"","format":"standard","meta":{"om_disable_all_campaigns":false,"_monsterinsights_skip_tracking":false,"_monsterinsights_sitenote_active":false,"_monsterinsights_sitenote_note":"","_monsterinsights_sitenote_category":0,"footnotes":""},"categories":[9],"tags":[621,91,294,622,623,624],"class_list":{"0":"post-3741","1":"post","2":"type-post","3":"status-publish","4":"format-standard","5":"has-post-thumbnail","7":"category-actualidad","8":"tag-bahia-camarones-pesquera","9":"tag-featured","10":"tag-fiscalia-puerto-madryn","11":"tag-gustavo-carreno","12":"tag-matias-draiye","13":"tag-robo-de-langostino"},"aioseo_notices":[],"amp_enabled":true,"_links":{"self":[{"href":"https:\/\/partedepesca.com.ar\/d\/wp-json\/wp\/v2\/posts\/3741","targetHints":{"allow":["GET"]}}],"collection":[{"href":"https:\/\/partedepesca.com.ar\/d\/wp-json\/wp\/v2\/posts"}],"about":[{"href":"https:\/\/partedepesca.com.ar\/d\/wp-json\/wp\/v2\/types\/post"}],"author":[{"embeddable":true,"href":"https:\/\/partedepesca.com.ar\/d\/wp-json\/wp\/v2\/users\/3"}],"replies":[{"embeddable":true,"href":"https:\/\/partedepesca.com.ar\/d\/wp-json\/wp\/v2\/comments?post=3741"}],"version-history":[{"count":1,"href":"https:\/\/partedepesca.com.ar\/d\/wp-json\/wp\/v2\/posts\/3741\/revisions"}],"predecessor-version":[{"id":3743,"href":"https:\/\/partedepesca.com.ar\/d\/wp-json\/wp\/v2\/posts\/3741\/revisions\/3743"}],"wp:featuredmedia":[{"embeddable":true,"href":"https:\/\/partedepesca.com.ar\/d\/wp-json\/wp\/v2\/media\/3742"}],"wp:attachment":[{"href":"https:\/\/partedepesca.com.ar\/d\/wp-json\/wp\/v2\/media?parent=3741"}],"wp:term":[{"taxonomy":"category","embeddable":true,"href":"https:\/\/partedepesca.com.ar\/d\/wp-json\/wp\/v2\/categories?post=3741"},{"taxonomy":"post_tag","embeddable":true,"href":"https:\/\/partedepesca.com.ar\/d\/wp-json\/wp\/v2\/tags?post=3741"}],"curies":[{"name":"wp","href":"https:\/\/api.w.org\/{rel}","templated":true}]}}