{"id":3738,"date":"2023-12-18T11:10:16","date_gmt":"2023-12-18T11:10:16","guid":{"rendered":"https:\/\/partedepesca.com.ar\/d\/?p=3738"},"modified":"2023-12-19T11:12:34","modified_gmt":"2023-12-19T11:12:34","slug":"el-teorema-de-baglini-explica-la-suba-de-retenciones-al-15-por-tres-anos","status":"publish","type":"post","link":"https:\/\/partedepesca.com.ar\/d\/el-teorema-de-baglini-explica-la-suba-de-retenciones-al-15-por-tres-anos\/","title":{"rendered":"El \u2018Teorema de Baglini\u2019 explica la suba de retenciones al 15% por tres a\u00f1os"},"content":{"rendered":"\n<p>Desconcierto en la pesca y el sector exportador en general. \u201cRetenciones cero\u201d. Esa fue una de las m\u00e1ximas que enarbol\u00f3 La Libertad Avanza durante la campa\u00f1a electoral de las PASO, las generales y el ballotage.<\/p>\n\n\n\n<p>El pragmatismo libertario fue tan veloz que ya no se habla ni de dolarizaci\u00f3n ni del cierre del Banco Central. La agenda fue mutando a medida que m\u00e1s cerca se estuvo del poder real.<\/p>\n\n\n\n<p>El gobierno de Javier Milei cumple una semana y debut\u00f3 con una bater\u00eda de medidas anunciadas por el Ministerio de Econom\u00eda que incluy\u00f3 una fuerte devaluaci\u00f3n llevando de 400 a 800 pesos el valor del d\u00f3lar oficial.<\/p>\n\n\n\n<p>Las exportaciones se liquidar\u00e1n en un esquema de 80-20, con la mayor parte a valor del d\u00f3lar oficial y el 20% restante a contado con liquidaci\u00f3n (CCL), dando lugar a un d\u00f3lar a $860. Sin embargo, <strong>al considerar las retenciones, el d\u00f3lar para exportaciones se reducir\u00eda a $760.<\/strong><\/p>\n\n\n\n<p>El primer paquete de medidas condicion\u00f3 la <strong>\u201celiminaci\u00f3n\u201d de todos los derechos de exportaci\u00f3n a cuando est\u00e9 \u201cfinalizada la emergencia\u201d<\/strong>, sin un plazo estimado.<\/p>\n\n\n\n<p>Esta semana se conocer\u00e1 el DNU y la ley \u00f3mnibus que el Gobierno girar\u00e1 al Congreso nacional para su tratamiento que incluye, en parte, la instrumentaci\u00f3n de la primera bater\u00eda de medidas.<\/p>\n\n\n\n<p>En este marco, se establecer\u00e1 una suba significativa en los derechos de exportaci\u00f3n, simplificados en dos al\u00edcuotas: 30% para la soja y 15% para el resto de las exportaciones sin distinciones. Las econom\u00edas regionales que hab\u00edan conseguido llegar a cero pagar\u00e1n 15%. <strong>Las exportaciones pesqueras que tributaban del 1% al 9% pasar\u00e1n todas a pagar 15%.<\/strong><\/p>\n\n\n\n<p>Desde el sector no advierten que puedan persuadir al Ejecutivo para que replantee ese esquema o revise puntualmente la situaci\u00f3n global de la pesca, por lo que <strong>abrigan alguna esperanza en que durante su tratamiento en el Congreso puedan negociarse una reducci\u00f3n<\/strong>.<\/p>\n\n\n\n<p>La industria pesquera no tiene siquiera un funcionario del \u00e1rea designado a qui\u00e9n transmitirle sus reparos sobre este esquema de retenciones. Trascendi\u00f3 que el Ejecutivo pretende establecer esos porcentajes de derechos de exportaci\u00f3n <strong>por el plazo de 36 meses, es decir, hasta el 31 de diciembre de 2026.<\/strong><\/p>\n\n\n\n<p>Lo cual tampoco significa que al d\u00eda siguiente se cumpla lo prometido en campa\u00f1a: \u201cretenciones cero\u201d. El sector exportador reclamaba a gritos un sinceramiento del tipo de cambio. Ahora analizan que con un d\u00f3lar a 860 pesos (80% al Mercado Libre de Cambios y el 20% al Contado Con Liquidaci\u00f3n), menos retenciones, el d\u00f3lar para exportaciones se reducir\u00eda a $760.<\/p>\n\n\n\n<p>Mientras que, para las importaciones, el d\u00f3lar comercial experimentar\u00e1 un recargo del 17% del impuesto PAIS, aumentando del actual 7,5%. Con este ajuste, el d\u00f3lar para importaciones se elevar\u00e1 a $940, con un impacto directo en los costos para las empresas que dependen de insumos extranjeros.<\/p>\n\n\n\n<p>Con todo, <strong>retenciones cero, dolarizaci\u00f3n de la econom\u00eda y eliminaci\u00f3n de Banco Central dejaron de ser prioridades<\/strong> de la nueva administraci\u00f3n nacional. A 40 a\u00f1os del retorno de la democracia, una vez m\u00e1s cobra vigor el Teorema que el diputado radical <strong>Ra\u00fal Baglini<\/strong> formul\u00f3 en 1986. Ese concepto de la pol\u00edtica argentina sostiene que el grado de responsabilidad de las propuestas de un partido o de un dirigente pol\u00edtico es directamente proporcional a sus chances de acceder al poder. <strong>\u201cCuanto m\u00e1s se acerca un pol\u00edtico al poder m\u00e1s se aleja del cumplimiento de sus promesas de campa\u00f1a\u201d.<\/strong><\/p>\n","protected":false},"excerpt":{"rendered":"<p>Desconcierto en la pesca y el sector exportador en general. \u201cRetenciones cero\u201d. Esa fue una de las m\u00e1ximas que enarbol\u00f3 La Libertad Avanza durante la campa\u00f1a electoral de las PASO, las generales y el ballotage. El pragmatismo libertario fue tan veloz que ya no se habla ni de dolarizaci\u00f3n ni del cierre del Banco Central.<\/p>\n","protected":false},"author":3,"featured_media":3739,"comment_status":"open","ping_status":"open","sticky":false,"template":"","format":"standard","meta":{"om_disable_all_campaigns":false,"_monsterinsights_skip_tracking":false,"_monsterinsights_sitenote_active":false,"_monsterinsights_sitenote_note":"","_monsterinsights_sitenote_category":0,"footnotes":""},"categories":[6],"tags":[618,91,172,620,617,619],"class_list":{"0":"post-3738","1":"post","2":"type-post","3":"status-publish","4":"format-standard","5":"has-post-thumbnail","7":"category-comercio-exterior","8":"tag-derechos-de-exportacion","9":"tag-featured","10":"tag-industria-pesquera","11":"tag-la-libertad-avanza","12":"tag-retenciones-cero","13":"tag-teorema-de-baglini"},"aioseo_notices":[],"amp_enabled":true,"_links":{"self":[{"href":"https:\/\/partedepesca.com.ar\/d\/wp-json\/wp\/v2\/posts\/3738","targetHints":{"allow":["GET"]}}],"collection":[{"href":"https:\/\/partedepesca.com.ar\/d\/wp-json\/wp\/v2\/posts"}],"about":[{"href":"https:\/\/partedepesca.com.ar\/d\/wp-json\/wp\/v2\/types\/post"}],"author":[{"embeddable":true,"href":"https:\/\/partedepesca.com.ar\/d\/wp-json\/wp\/v2\/users\/3"}],"replies":[{"embeddable":true,"href":"https:\/\/partedepesca.com.ar\/d\/wp-json\/wp\/v2\/comments?post=3738"}],"version-history":[{"count":1,"href":"https:\/\/partedepesca.com.ar\/d\/wp-json\/wp\/v2\/posts\/3738\/revisions"}],"predecessor-version":[{"id":3740,"href":"https:\/\/partedepesca.com.ar\/d\/wp-json\/wp\/v2\/posts\/3738\/revisions\/3740"}],"wp:featuredmedia":[{"embeddable":true,"href":"https:\/\/partedepesca.com.ar\/d\/wp-json\/wp\/v2\/media\/3739"}],"wp:attachment":[{"href":"https:\/\/partedepesca.com.ar\/d\/wp-json\/wp\/v2\/media?parent=3738"}],"wp:term":[{"taxonomy":"category","embeddable":true,"href":"https:\/\/partedepesca.com.ar\/d\/wp-json\/wp\/v2\/categories?post=3738"},{"taxonomy":"post_tag","embeddable":true,"href":"https:\/\/partedepesca.com.ar\/d\/wp-json\/wp\/v2\/tags?post=3738"}],"curies":[{"name":"wp","href":"https:\/\/api.w.org\/{rel}","templated":true}]}}