{"id":3720,"date":"2023-12-15T11:11:08","date_gmt":"2023-12-15T11:11:08","guid":{"rendered":"https:\/\/partedepesca.com.ar\/d\/?p=3720"},"modified":"2023-12-18T11:06:48","modified_gmt":"2023-12-18T11:06:48","slug":"los-trabajadores-volverian-a-pagar-el-impuesto-a-las-ganancias","status":"publish","type":"post","link":"https:\/\/partedepesca.com.ar\/d\/los-trabajadores-volverian-a-pagar-el-impuesto-a-las-ganancias\/","title":{"rendered":"Los trabajadores volver\u00edan a pagar el Impuesto a las Ganancias"},"content":{"rendered":"\n<p>\u00bfJavier Milei se cortar\u00e1 un brazo? En m\u00e1s de una oportunidad, cuando todav\u00eda no era Presidente, el libertario prometi\u00f3 que antes de aumentar un impuesto alguno, &#8220;se cortar\u00eda un brazo&#8221;. A d\u00edas de su debut, el gobierno de La Libertad Avanza anunci\u00f3 que impulsar\u00e1 la suba de un impuesto que el propio Milei vot\u00f3 bajar hace menos de tres meses, cuando todav\u00eda era diputado nacional: Ganancias.<\/p>\n\n\n\n<p>La iniciativa deber\u00e1 ser sometida a votaci\u00f3n en el Congreso, y tendr\u00eda acompa\u00f1amiento de los gobernadores que perdieron la coparticipaci\u00f3n de este impuesto. En tanto, es de prever que haya una fuerte resistencia de parte de los diferentes sindicatos, entre ellos, los de la actividad pesquera y mar\u00edtima que hab\u00edan celebrado en agosto la eliminaci\u00f3n de la cuarta categor\u00eda.<\/p>\n\n\n\n<p>Para Javier Milei, los impuestos son (o eran) &#8220;un robo&#8221;. Lo repiti\u00f3 hasta el infinito cuando era invitado a los programas de televisi\u00f3n en calidad de economista. Sostuvo ese discurso durante los dos a\u00f1os en los que fue diputado.<\/p>\n\n\n\n<p>Ahora, a menos de tres meses de la sanci\u00f3n de esa ley que benefici\u00f3 a cerca de 800.000 trabajadores, y perjudic\u00f3 a las 24 provincias, por ser un impuesto coparticipable, el Gobierno de La Libertad Avanza analiza c\u00f3mo dar marcha atr\u00e1s.<\/p>\n\n\n\n<p>&#8220;La restauraci\u00f3n del Impuesto a las Ganancias ser\u00e1 por un cort\u00edsimo plazo&#8221;, reconoci\u00f3 el vocero presidencial, Manuel Adorni. &#8220;Las provincias son las m\u00e1s interesadas en la reversi\u00f3n de Ganancias&#8221;, hab\u00eda dicho anoche el ministro de Econom\u00eda, Luis Caputo. En otras palabras, se da por descontado que el Presidente enviar\u00e1 al Congreso una ley para derogar la misma norma que \u00e9l mismo acompa\u00f1\u00f3 cuando era candidato.<\/p>\n\n\n\n<p>La Libertad Avanza ahora deber\u00e1 salir a la pesca de los votos que se necesitan para derogar la ley que representa casi un punto del PBI. Donde los libertarios la tendr\u00e1n f\u00e1cil es en los bloques que integraban Juntos por el Cambio. Vale recordar que en aquella instancia, la fuerza opositora vot\u00f3 en contra del proyecto en ambas c\u00e1maras.<\/p>\n\n\n\n<p>Cuando todav\u00eda no se cumple una semana de la asunci\u00f3n del nuevo gobierno, la CGT se puso en alerta por el paquete de medidas anunciadas, y los sindicatos plantear\u00e1n su oposici\u00f3n a la \u201creversi\u00f3n\u201d de las modificaciones en Ganancias.<\/p>\n","protected":false},"excerpt":{"rendered":"<p>\u00bfJavier Milei se cortar\u00e1 un brazo? En m\u00e1s de una oportunidad, cuando todav\u00eda no era Presidente, el libertario prometi\u00f3 que antes de aumentar un impuesto alguno, &#8220;se cortar\u00eda un brazo&#8221;. A d\u00edas de su debut, el gobierno de La Libertad Avanza anunci\u00f3 que impulsar\u00e1 la suba de un impuesto que el propio Milei vot\u00f3 bajar<\/p>\n","protected":false},"author":3,"featured_media":3721,"comment_status":"open","ping_status":"open","sticky":false,"template":"","format":"standard","meta":{"om_disable_all_campaigns":false,"_monsterinsights_skip_tracking":false,"_monsterinsights_sitenote_active":false,"_monsterinsights_sitenote_note":"","_monsterinsights_sitenote_category":0,"footnotes":""},"categories":[9],"tags":[91,180,601],"class_list":{"0":"post-3720","1":"post","2":"type-post","3":"status-publish","4":"format-standard","5":"has-post-thumbnail","7":"category-actualidad","8":"tag-featured","9":"tag-impuesto-a-las-ganancias","10":"tag-reversion"},"aioseo_notices":[],"amp_enabled":true,"_links":{"self":[{"href":"https:\/\/partedepesca.com.ar\/d\/wp-json\/wp\/v2\/posts\/3720","targetHints":{"allow":["GET"]}}],"collection":[{"href":"https:\/\/partedepesca.com.ar\/d\/wp-json\/wp\/v2\/posts"}],"about":[{"href":"https:\/\/partedepesca.com.ar\/d\/wp-json\/wp\/v2\/types\/post"}],"author":[{"embeddable":true,"href":"https:\/\/partedepesca.com.ar\/d\/wp-json\/wp\/v2\/users\/3"}],"replies":[{"embeddable":true,"href":"https:\/\/partedepesca.com.ar\/d\/wp-json\/wp\/v2\/comments?post=3720"}],"version-history":[{"count":1,"href":"https:\/\/partedepesca.com.ar\/d\/wp-json\/wp\/v2\/posts\/3720\/revisions"}],"predecessor-version":[{"id":3722,"href":"https:\/\/partedepesca.com.ar\/d\/wp-json\/wp\/v2\/posts\/3720\/revisions\/3722"}],"wp:featuredmedia":[{"embeddable":true,"href":"https:\/\/partedepesca.com.ar\/d\/wp-json\/wp\/v2\/media\/3721"}],"wp:attachment":[{"href":"https:\/\/partedepesca.com.ar\/d\/wp-json\/wp\/v2\/media?parent=3720"}],"wp:term":[{"taxonomy":"category","embeddable":true,"href":"https:\/\/partedepesca.com.ar\/d\/wp-json\/wp\/v2\/categories?post=3720"},{"taxonomy":"post_tag","embeddable":true,"href":"https:\/\/partedepesca.com.ar\/d\/wp-json\/wp\/v2\/tags?post=3720"}],"curies":[{"name":"wp","href":"https:\/\/api.w.org\/{rel}","templated":true}]}}