{"id":3690,"date":"2023-12-11T04:33:06","date_gmt":"2023-12-11T04:33:06","guid":{"rendered":"https:\/\/partedepesca.com.ar\/d\/?p=3690"},"modified":"2023-12-13T03:09:22","modified_gmt":"2023-12-13T03:09:22","slug":"torres-ratifico-que-impulsara-una-mesa-sectorial-para-la-pesca","status":"publish","type":"post","link":"https:\/\/partedepesca.com.ar\/d\/torres-ratifico-que-impulsara-una-mesa-sectorial-para-la-pesca\/","title":{"rendered":"Torres ratific\u00f3 que impulsar\u00e1 una mesa sectorial para la pesca"},"content":{"rendered":"\n<p>El Gobernador del Chubut, Ignacio \u201cNacho Torres\u201d, asumi\u00f3 el mando del Ejecutivo Provincial en la Honorable Legislatura donde reivindic\u00f3 a la pol\u00edtica como herramienta para transformar la realidad de los pueblos, consider\u00f3 que durante los \u00faltimos a\u00f1os \u201clo malo\u201d no fue la pol\u00edtica, sino \u201cun grupito de facinerosos que fundi\u00f3 una provincia imposible de fundir\u201d, en referencia a las dos \u00faltimas d\u00e9cadas de peronismo.<\/p>\n\n\n\n<p><strong>BRECHA CAMBIARIA Y EXPORTACIONES<\/strong><\/p>\n\n\n\n<p>Tras hacer un repaso del estado actual de las finanzas de Chubut, la emergencia educativa, y ratificar que no paralizar\u00e1 la obra p\u00fablica, entre otros aspectos, el mandatario analiz\u00f3 el contexto econ\u00f3mico nacional.<\/p>\n\n\n\n<p>Torres reconoci\u00f3 que Chubut tiene un potencial enorme, pero remarc\u00f3 el condicionamiento que se sufre por la macroeconom\u00eda: \u201cCuando me dicen que vamos a ir a un esquema de &#8216;equilibrio fiscal&#8217;, aplaudo, no me asusto. Necesitamos simplemente que no nos &#8216;pisen&#8217; con un d\u00f3lar ficticio, lo que en verdad valen nuestros recursos\u201d, dijo sobre las exportaciones.<\/p>\n\n\n\n<p>Para ejemplificar, expres\u00f3: \u201cA un productor ovino no hay que subsidiarlo para que sea rentable, sino que hay que pagarle por su lana lo que la misma vale. Esta brecha cambiaria nos gener\u00f3 mucho m\u00e1s perjuicio que cualquier ajuste. Son menos obras, menos insumos hospitalarios, menos dinero para la educaci\u00f3n\u201d, estim\u00f3.<\/p>\n\n\n\n<p><strong>\u201cPERDIMOS MILLONES DE D\u00d3LARES\u201d<\/strong><\/p>\n\n\n\n<p>Por otra parte, Ignacio Torres hizo referencia a los d\u00edas de demora en el inicio de la zafra de langostino. \u201cNo puede ser que, como pas\u00f3 hace pocos d\u00edas, paremos la temporada provincial de&nbsp;pesca&nbsp;en una Argentina con la mitad de sus habitantes bajo la l\u00ednea de pobreza\u201d, compar\u00f3 al hacer referencia al conflicto entre el SUPA y un grupo de empresas de estibaje de Rawson.<\/p>\n\n\n\n<p>Sobre este punto, remarc\u00f3 que \u201cpor no ponernos de acuerdo perdimos millones de d\u00f3lares y eso no puede volver a pasar. Vamos a tener mesas sectoriales donde el empresariado, los gremios y el Estado como articulador, trabajar\u00e1n en una agenda de competitividad. No podemos seguir pele\u00e1ndonos para ver qui\u00e9n se queda con el pedazo m\u00e1s grande de la torta, hay que agrandarlo\u201d, razon\u00f3.<\/p>\n","protected":false},"excerpt":{"rendered":"<p>El Gobernador del Chubut, Ignacio \u201cNacho Torres\u201d, asumi\u00f3 el mando del Ejecutivo Provincial en la Honorable Legislatura donde reivindic\u00f3 a la pol\u00edtica como herramienta para transformar la realidad de los pueblos, consider\u00f3 que durante los \u00faltimos a\u00f1os \u201clo malo\u201d no fue la pol\u00edtica, sino \u201cun grupito de facinerosos que fundi\u00f3 una provincia imposible de fundir\u201d,<\/p>\n","protected":false},"author":3,"featured_media":3691,"comment_status":"open","ping_status":"open","sticky":false,"template":"","format":"standard","meta":{"om_disable_all_campaigns":false,"_monsterinsights_skip_tracking":false,"_monsterinsights_sitenote_active":false,"_monsterinsights_sitenote_note":"","_monsterinsights_sitenote_category":0,"footnotes":""},"categories":[9],"tags":[91,235,172,299],"class_list":{"0":"post-3690","1":"post","2":"type-post","3":"status-publish","4":"format-standard","5":"has-post-thumbnail","7":"category-actualidad","8":"tag-featured","9":"tag-ignacio-torres","10":"tag-industria-pesquera","11":"tag-temporada-de-langostino"},"aioseo_notices":[],"amp_enabled":true,"_links":{"self":[{"href":"https:\/\/partedepesca.com.ar\/d\/wp-json\/wp\/v2\/posts\/3690","targetHints":{"allow":["GET"]}}],"collection":[{"href":"https:\/\/partedepesca.com.ar\/d\/wp-json\/wp\/v2\/posts"}],"about":[{"href":"https:\/\/partedepesca.com.ar\/d\/wp-json\/wp\/v2\/types\/post"}],"author":[{"embeddable":true,"href":"https:\/\/partedepesca.com.ar\/d\/wp-json\/wp\/v2\/users\/3"}],"replies":[{"embeddable":true,"href":"https:\/\/partedepesca.com.ar\/d\/wp-json\/wp\/v2\/comments?post=3690"}],"version-history":[{"count":2,"href":"https:\/\/partedepesca.com.ar\/d\/wp-json\/wp\/v2\/posts\/3690\/revisions"}],"predecessor-version":[{"id":3693,"href":"https:\/\/partedepesca.com.ar\/d\/wp-json\/wp\/v2\/posts\/3690\/revisions\/3693"}],"wp:featuredmedia":[{"embeddable":true,"href":"https:\/\/partedepesca.com.ar\/d\/wp-json\/wp\/v2\/media\/3691"}],"wp:attachment":[{"href":"https:\/\/partedepesca.com.ar\/d\/wp-json\/wp\/v2\/media?parent=3690"}],"wp:term":[{"taxonomy":"category","embeddable":true,"href":"https:\/\/partedepesca.com.ar\/d\/wp-json\/wp\/v2\/categories?post=3690"},{"taxonomy":"post_tag","embeddable":true,"href":"https:\/\/partedepesca.com.ar\/d\/wp-json\/wp\/v2\/tags?post=3690"}],"curies":[{"name":"wp","href":"https:\/\/api.w.org\/{rel}","templated":true}]}}