{"id":3652,"date":"2023-12-06T20:41:01","date_gmt":"2023-12-06T20:41:01","guid":{"rendered":"https:\/\/partedepesca.com.ar\/d\/?p=3652"},"modified":"2023-12-08T12:36:50","modified_gmt":"2023-12-08T12:36:50","slug":"madyn-calvo-cierra-su-gestion-con-todos-los-muelles-operativos-y-saldo-positivo-en-caja","status":"publish","type":"post","link":"https:\/\/partedepesca.com.ar\/d\/madyn-calvo-cierra-su-gestion-con-todos-los-muelles-operativos-y-saldo-positivo-en-caja\/","title":{"rendered":"Madyn: Calvo cierra su gesti\u00f3n con todos los muelles operativos y saldo positivo en caja"},"content":{"rendered":"\n<p>El titular de la Administraci\u00f3n Portuaria de Puerto Madryn, Arq. Enrique Calvo, efectu\u00f3 un repaso de su paso de casi cuatro a\u00f1os del frente del organismo en v\u00edsperas del recambio institucional. El jueves entrega el mando del puerto a Diego P\u00e9rez y el viernes se incorpora al gabinete del intendente Gustavo Sastre, al frente de la Secretar\u00eda de Producci\u00f3n.<\/p>\n\n\n\n<p>Al efectuar un balance dijo que cierra su gesti\u00f3n con todos los muelles plenamente operativos y en v\u00edas de certificaci\u00f3n definitiva, desde lo financiero la actual administraci\u00f3n deja la caja con saldo positivo y sin endeudamiento. En materia de obras, sostuvo que hay un ambicioso plan de infraestructura en marcha, algunas en ejecuci\u00f3n, otras con proyectos aprobados y en avanzada gesti\u00f3n de financiamiento ante diversos organismos. Entre ellos, la ampliaci\u00f3n de los muelles pesqueros de los sitios 5 y 6 del muelle Storni.<\/p>\n\n\n\n<figure class=\"wp-block-image size-large\"><a href=\"https:\/\/partedepesca.com.ar\/d\/wp-content\/uploads\/2023\/12\/queda-en-marcha-el-proyecto-de-ampliacion-de-los-muelles-pesqueros-scaled.jpg\"><img fetchpriority=\"high\" decoding=\"async\" width=\"1024\" height=\"575\" src=\"https:\/\/partedepesca.com.ar\/d\/wp-content\/uploads\/2023\/12\/queda-en-marcha-el-proyecto-de-ampliacion-de-los-muelles-pesqueros-1024x575.jpg\" alt=\"\" class=\"wp-image-3656\" srcset=\"https:\/\/partedepesca.com.ar\/d\/wp-content\/uploads\/2023\/12\/queda-en-marcha-el-proyecto-de-ampliacion-de-los-muelles-pesqueros-1024x575.jpg 1024w, https:\/\/partedepesca.com.ar\/d\/wp-content\/uploads\/2023\/12\/queda-en-marcha-el-proyecto-de-ampliacion-de-los-muelles-pesqueros-300x169.jpg 300w, https:\/\/partedepesca.com.ar\/d\/wp-content\/uploads\/2023\/12\/queda-en-marcha-el-proyecto-de-ampliacion-de-los-muelles-pesqueros-768x432.jpg 768w, https:\/\/partedepesca.com.ar\/d\/wp-content\/uploads\/2023\/12\/queda-en-marcha-el-proyecto-de-ampliacion-de-los-muelles-pesqueros-1536x863.jpg 1536w, https:\/\/partedepesca.com.ar\/d\/wp-content\/uploads\/2023\/12\/queda-en-marcha-el-proyecto-de-ampliacion-de-los-muelles-pesqueros-2048x1151.jpg 2048w, https:\/\/partedepesca.com.ar\/d\/wp-content\/uploads\/2023\/12\/queda-en-marcha-el-proyecto-de-ampliacion-de-los-muelles-pesqueros-150x84.jpg 150w, https:\/\/partedepesca.com.ar\/d\/wp-content\/uploads\/2023\/12\/queda-en-marcha-el-proyecto-de-ampliacion-de-los-muelles-pesqueros-450x253.jpg 450w, https:\/\/partedepesca.com.ar\/d\/wp-content\/uploads\/2023\/12\/queda-en-marcha-el-proyecto-de-ampliacion-de-los-muelles-pesqueros-1200x674.jpg 1200w\" sizes=\"(max-width: 1024px) 100vw, 1024px\" \/><\/a><\/figure>\n\n\n\n<p>Calvo resalt\u00f3 el rol que tiene el puerto en la din\u00e1mica de la econom\u00eda regional y provincial, y sostuvo que se debe continuar fortaleciendo su competitividad y aumentando los vol\u00famenes exportables.<\/p>\n\n\n\n<p>\u201cFue un desaf\u00edo asumir esta responsabilidad al frente del puerto, marcamos nuestra impronta interactuando con los sectores comerciales y productivos de la ciudad y la regi\u00f3n. Siempre buscamos ofrecer las herramientas que ayuden a incrementar las exportaciones por este puerto; para ello se requiere tener plena operatividad, ser eficientes y prestar servicios acordes a la demanda\u201d, describi\u00f3.<\/p>\n\n\n\n<p><strong>Al servicio de la producci\u00f3n y la industria<\/strong><\/p>\n\n\n\n<p>En ese marco, consider\u00f3 que \u201cdebemos entender al puerto como un prestador de servicios que tiene que acompa\u00f1ar la producci\u00f3n y la industria. El puerto est\u00e1 administrado por un ente p\u00fablico no estatal, es una unidad de negocios en s\u00ed misma y esa autonom\u00eda facilita las gestiones\u201d, mencion\u00f3 al tiempo de subrayar que \u201cel eje es ser facilitadores de la actividad productiva. Tenemos que acompa\u00f1ar brindando servicios portuarios de calidad y siendo competitivos los 365 d\u00edas del a\u00f1o. Nos toca administrar un predio de 80 hect\u00e1reas, mantener las estructuras de los dos muelles y plazoletas fiscales, con 85 empleados, lo que requiere de un manejo financiero importante y una administraci\u00f3n transparente, prolija con los recursos\u201d, detall\u00f3 el funcionario saliente.<\/p>\n\n\n\n<p>Adem\u00e1s, indic\u00f3 que por la complejidad de la econom\u00eda se requiere realizar gestiones para obtener financiamiento, tanto en el sector p\u00fablico como privado. \u201cHay inversiones que exceden la capacidad de ingresos que tiene la Administraci\u00f3n Portuaria, no obstante, eso, se trabajaron en diferentes proyectos para llevar adelante un esquema de obras que dejamos en marcha y otras en avanzado estado de gesti\u00f3n\u201d, puntualiz\u00f3.<\/p>\n\n\n\n<p><strong>Estado financiero<\/strong><\/p>\n\n\n\n<p>En cuanto a lo econ\u00f3mico y estado financiero de la APPM, Enrique Calvo indic\u00f3 que \u201cse cuenta con los recursos que permiten garantizar la terminaci\u00f3n de obras en ejecuci\u00f3n, as\u00ed como la continuidad del Plan trazado. Asimismo, est\u00e1n disponibles los fondos para el pago de aguinaldo y sueldos incluyendo todas las obligaciones laborales y previsionales de los meses de diciembre y enero. Esta gesti\u00f3n termina no solo sin deudas a terceros, sino adem\u00e1s con saldo positivo\u201d.<\/p>\n\n\n\n<p>Al respecto sostuvo que \u201cla consigna fue siempre tener dos o tres masas salariales disponibles y lo hemos superado con creces. Las paritarias se desarrollaron con normalidad, hay una comisi\u00f3n que dialoga con los distintos gremios y se han logrado acuerdos sobre la base del consenso\u201d, puso de relieve.<\/p>\n\n\n\n<p><strong>Vinculaci\u00f3n comunitaria<\/strong><\/p>\n\n\n\n<p>El puerto madrynense est\u00e1 emplazado en un sector de naturaleza sensible y en ese marco \u201csomos muy cuidadosos del ambiente, hemos propiciado convenios con el CENPAT para revegetar con plantas nativas y aut\u00f3ctonas y as\u00ed disminuir el consumo de agua. Tambi\u00e9n firmamos convenios con la fundaci\u00f3n Refaunar para el cuidado de la fauna que interact\u00faa en los muelles, por ejemplo, cuando aparece alg\u00fan ejemplar de lobo marino o de cormor\u00e1n, ellos se acercan para asistirlos\u201d, enumer\u00f3 en cuanto a otros aspectos a destacar.<\/p>\n\n\n\n<p>Por otro lado, \u201cle dimos mucha importancia a la educaci\u00f3n porque entendemos que es fundamental que los j\u00f3venes puedan hacer sus pr\u00e1cticas profesionalizantes en el puerto\u201d. Adem\u00e1s, se hicieron pasant\u00edas con estudiantes de escuelas secundarias t\u00e9cnicas y con distintas universidades.<\/p>\n\n\n\n<p>\u201cTambi\u00e9n propiciamos que todos los empleados de la APPM terminen sus estudios, tenemos un caso que termin\u00f3 la secundaria y ahora est\u00e1 haciendo una tecnicatura en mantenimiento industrial\u201d, cit\u00f3.<\/p>\n\n\n\n<p>En esta l\u00ednea \u201cpasamos de tener 600 horas de capacitaci\u00f3n al personal a un esquema de m\u00e1s de 2800 horas. Buscamos la profesionalizaci\u00f3n del recurso humano, entendiendo que tiene un rol fundamental en el quehacer portuario. Antes, cuando se hac\u00edan videos institucionales, solo se mostraban los muelles y los barcos, pero atr\u00e1s de esa operatoria hay un recurso humano, por eso los nuevos videos institucionales del puerto reflejan la tarea del personal de esta administraci\u00f3n que ponen su trabajo para que esto funcione\u201d, destac\u00f3 Calvo.<\/p>\n\n\n\n<p>En tanto, la APPM acord\u00f3 con el Superior Tribunal de Justicia el uso de las instalaciones del puerto para la realizaci\u00f3n de los \u2018juicios por jurados\u2019, cuyos dos primeros ya se llevaron a cabo, y se prev\u00e9 que los pr\u00f3ximos tambi\u00e9n tengan lugar en este \u00e1mbito.<\/p>\n\n\n\n<p><strong>Jerarquizar el \u00e1rea comercial<\/strong><\/p>\n\n\n\n<p>El administrador portuario subray\u00f3 que otro aspecto importante ha sido jerarquizar el \u00e1rea comercial para seguir incrementando los vol\u00famenes de movimiento de cargas portuarias. \u201cCon el administrador entrante coincidimos en darle continuidad a este proceso de sumar clientes al puerto. La exportaci\u00f3n de un contenedor m\u00e1s no le mueve la aguja al puerto, pero s\u00ed a ese productor que puede colocar su producto\u201d, manifest\u00f3 al se\u00f1alar que \u201cesto adem\u00e1s es relevante para la econom\u00eda de la ciudad y la regi\u00f3n. El puerto tiene que ser un facilitador para la producci\u00f3n y la industria\u201d, insisti\u00f3 sobre ese aspecto.<\/p>\n\n\n\n<p><strong>Muelles certificados<\/strong><\/p>\n\n\n\n<p>La gesti\u00f3n del arquitecto Enrique Calvo concluye con la plena operatividad de todos los sitios de ambos muelles, Storni y Piedra Buena. \u201cHemos logrado avanzar favorablemente en la certificaci\u00f3n definitiva de los muelles, a partir de gestionar ante organismos nacionales\u201d, coment\u00f3.<\/p>\n\n\n\n<p>Desde la finalizaci\u00f3n de las obras de ampliaci\u00f3n del muelle Comandante Luis Piedra Buena y la reparaci\u00f3n del viaducto principal, as\u00ed como la ampliaci\u00f3n del sitio 2 del Muelle Almirante Storni, se han llevado a cabo numerosas gestiones y presentaciones con el objetivo de obtener la habilitaci\u00f3n definitiva de ambas terminales portuarias.<\/p>\n\n\n\n<p>Actualmente, este proceso se encuentra en su fase final, ya que en las \u00faltimas semanas la APPM recibi\u00f3, por parte de la Subsecretar\u00eda de Puertos, V\u00edas Navegables y Marina Mercante (SSPVNyMM), la \u201cCertificaci\u00f3n T\u00e9cnica por Finalizaci\u00f3n de Obra\u201d de ambos muelles; restando \u00fanicamente la inspecci\u00f3n a cargo de la Prefectura Naval Argentina. Esta inspecci\u00f3n verificar\u00e1 los aspectos t\u00e9cnicos y de seguridad necesarios para la habilitaci\u00f3n definitiva de los muelles, allanando el camino para una operatividad plena y segura.<\/p>\n\n\n\n<p><strong>El esc\u00e1ner fijo fue gestionado<\/strong><\/p>\n\n\n\n<p>Meses atr\u00e1s, la Direcci\u00f3n General de Aduanas emiti\u00f3 la Resoluci\u00f3n 202\/23 por medio de la cual se ampli\u00f3 el plazo de vigencia de la habilitaci\u00f3n operativa del dep\u00f3sito fiscal de la Administraci\u00f3n Portuaria de Puerto Madryn hasta el 15 de julio de 2024. &nbsp;La APPM avanz\u00f3 en gestiones ante la Ventanilla \u00danica de Comercio Exterior (VUCE) para la adquisici\u00f3n de un equipo de inspecci\u00f3n no intrusiva de contenedores.<\/p>\n\n\n\n<figure class=\"wp-block-image size-large\"><a href=\"https:\/\/partedepesca.com.ar\/d\/wp-content\/uploads\/2023\/12\/storni-norte-scaled.jpg\"><img decoding=\"async\" width=\"1024\" height=\"498\" src=\"https:\/\/partedepesca.com.ar\/d\/wp-content\/uploads\/2023\/12\/storni-norte-1024x498.jpg\" alt=\"\" class=\"wp-image-3655\" srcset=\"https:\/\/partedepesca.com.ar\/d\/wp-content\/uploads\/2023\/12\/storni-norte-1024x498.jpg 1024w, https:\/\/partedepesca.com.ar\/d\/wp-content\/uploads\/2023\/12\/storni-norte-300x146.jpg 300w, https:\/\/partedepesca.com.ar\/d\/wp-content\/uploads\/2023\/12\/storni-norte-768x373.jpg 768w, https:\/\/partedepesca.com.ar\/d\/wp-content\/uploads\/2023\/12\/storni-norte-1536x746.jpg 1536w, https:\/\/partedepesca.com.ar\/d\/wp-content\/uploads\/2023\/12\/storni-norte-2048x995.jpg 2048w, https:\/\/partedepesca.com.ar\/d\/wp-content\/uploads\/2023\/12\/storni-norte-150x73.jpg 150w, https:\/\/partedepesca.com.ar\/d\/wp-content\/uploads\/2023\/12\/storni-norte-450x219.jpg 450w, https:\/\/partedepesca.com.ar\/d\/wp-content\/uploads\/2023\/12\/storni-norte-1200x583.jpg 1200w\" sizes=\"(max-width: 1024px) 100vw, 1024px\" \/><\/a><\/figure>\n\n\n\n<p>\u201cSe trata de un dispositivo que tiene un costo de 2,5 millones de d\u00f3lares, por eso salimos a buscar financiaci\u00f3n y llevamos el proyecto al VUCE. Definimos con nuestros equipos t\u00e9cnicos qu\u00e9 caracter\u00edsticas deb\u00eda tener el esc\u00e1ner fijo y la APPM est\u00e1 dispuesta a hacer la obra civil que se requiere para su emplazamiento. La gesti\u00f3n de financiamiento est\u00e1 hecha y el proyecto presentado ante el VUCE\u201d, detall\u00f3.<\/p>\n\n\n\n<p><strong>Pol\u00edtica portuaria nacional<\/strong><\/p>\n\n\n\n<p>En otro aspecto, Calvo subray\u00f3 la fluida vinculaci\u00f3n que se dio entre los diferentes puertos del pa\u00eds en el \u00e1mbito del Consejo Portuario Argentino (CPA), \u201cquiero hacer un agradecimiento especial a todos los integrantes, ha sido un muy buen equipo de trabajo, es un lugar de intercambio de experiencias y una mirada federal de los puertos para propiciar una pol\u00edtica portuaria a nivel nacional\u201d.<\/p>\n\n\n\n<p>\u201cEn ese \u00e1mbito se trabaj\u00f3 en conjunto para lograr un reglamento com\u00fan de uso de puertos de cruceros, m\u00e1s all\u00e1 de las caracter\u00edsticas y particularidades de cada puerto. Se busc\u00f3 una normativa b\u00e1sica com\u00fan a todos los puertos, lo cual hace todo m\u00e1s transparente y claros los procesos. Tambi\u00e9n se busc\u00f3 potenciar otros puertos para esta actividad. El Consejo Portuario es un espacio donde se buscan soluciones y propuestas en conjunto, propicia la integraci\u00f3n de los puertos con una mirada federal\u201d, resalt\u00f3.<\/p>\n\n\n\n<p><strong>Convocado por Mariano Arcioni<\/strong><\/p>\n\n\n\n<p>En abril de 2020, Calvo fue convocado por el gobernador Mariano Arcioni para asumir al frente del puerto de Madryn. \u201cNo tengo m\u00e1s que palabras de agradecimiento para las autoridades que confiaron en m\u00ed, porque en todo momento me demostraron el apoyo y acompa\u00f1amiento para la toma de decisiones y de gesti\u00f3n\u201d, indic\u00f3 el funcionario.<\/p>\n\n\n\n<p>Revel\u00f3 que \u201ccada vez que necesit\u00e9 asistencia para la firma de convenios y llevar adelante gestiones, cont\u00e9 con el respaldo del gobernador Arcioni y todo su gabinete\u201d, agreg\u00f3.<\/p>\n\n\n\n<p><strong>Al equipo de Gustavo Sastre<\/strong><\/p>\n\n\n\n<p>A partir de este viernes, Enrique Calvo deja la administraci\u00f3n del puerto y pasa a desempe\u00f1ar funciones al frente de la Secretar\u00eda de Producci\u00f3n de la Municipalidad de Puerto Madryn en lo que representa una nueva etapa desde lo profesional.<\/p>\n\n\n\n<figure class=\"wp-block-image size-full\"><a href=\"https:\/\/partedepesca.com.ar\/d\/wp-content\/uploads\/2023\/12\/sastre-calvo-perz.jpg\"><img decoding=\"async\" width=\"992\" height=\"654\" src=\"https:\/\/partedepesca.com.ar\/d\/wp-content\/uploads\/2023\/12\/sastre-calvo-perz.jpg\" alt=\"\" class=\"wp-image-3653\" srcset=\"https:\/\/partedepesca.com.ar\/d\/wp-content\/uploads\/2023\/12\/sastre-calvo-perz.jpg 992w, https:\/\/partedepesca.com.ar\/d\/wp-content\/uploads\/2023\/12\/sastre-calvo-perz-300x198.jpg 300w, https:\/\/partedepesca.com.ar\/d\/wp-content\/uploads\/2023\/12\/sastre-calvo-perz-768x506.jpg 768w, https:\/\/partedepesca.com.ar\/d\/wp-content\/uploads\/2023\/12\/sastre-calvo-perz-150x99.jpg 150w, https:\/\/partedepesca.com.ar\/d\/wp-content\/uploads\/2023\/12\/sastre-calvo-perz-450x297.jpg 450w\" sizes=\"(max-width: 992px) 100vw, 992px\" \/><\/a><figcaption class=\"wp-element-caption\">Gustavo Sastre incorpora en su gabinete a Enrique Calvo y Diego P\u00e9rez asume en la APPM<\/figcaption><\/figure>\n\n\n\n<p>\u201cFui convocado por el intendente Gustavo Sastre y me siento alagado. Nos conocemos desde hace muchos a\u00f1os, tenemos puntos de coincidencia en la mirada de buscar el bien de la ciudad. Para mi es un honor integrar su equipo y desde ese lugar poder sumar\u201d, reflexion\u00f3.<\/p>\n\n\n\n<p>En ese marco, cont\u00f3 que \u201cen esta transici\u00f3n ordenada que hemos hecho con el nuevo administrador, Diego P\u00e9rez, coincidimos en que seguiremos trabajando en forma conjunta, ahora desde el \u00e1rea de Producci\u00f3n. La discusi\u00f3n no tiene que ser ideol\u00f3gica, sino intercambio de ideas y en ese camino transitaremos\u201d, anticip\u00f3.<\/p>\n\n\n\n<p><strong>Trabajo en equipo<\/strong><\/p>\n\n\n\n<p>Finalmente, el saliente administrador del puerto madrynense puso en valor la tarea del personal de la APPM a quienes agradeci\u00f3 el trabajo en equipo. \u201cFue un crecimiento en las relaciones en el sentido que fuimos jerarquizando las diferentes \u00e1reas. Hemos priorizado capacitaciones para fortalecer el trabajo en equipo y el capital humano. Para ser un puerto competitivo y mantener los est\u00e1ndares de calidad se requiere de recurso humano calificado buscando la excelencia\u201d, concluy\u00f3.<\/p>\n","protected":false},"excerpt":{"rendered":"<p>El titular de la Administraci\u00f3n Portuaria de Puerto Madryn, Arq. Enrique Calvo, efectu\u00f3 un repaso de su paso de casi cuatro a\u00f1os del frente del organismo en v\u00edsperas del recambio institucional. El jueves entrega el mando del puerto a Diego P\u00e9rez y el viernes se incorpora al gabinete del intendente Gustavo Sastre, al frente de<\/p>\n","protected":false},"author":3,"featured_media":3661,"comment_status":"open","ping_status":"open","sticky":false,"template":"","format":"standard","meta":{"om_disable_all_campaigns":false,"_monsterinsights_skip_tracking":false,"_monsterinsights_sitenote_active":false,"_monsterinsights_sitenote_note":"","_monsterinsights_sitenote_category":0,"footnotes":""},"categories":[9],"tags":[232,580,91,579,364],"class_list":{"0":"post-3652","1":"post","2":"type-post","3":"status-publish","4":"format-standard","5":"has-post-thumbnail","7":"category-actualidad","8":"tag-appm","9":"tag-enrique-calvo","10":"tag-featured","11":"tag-muelle-piedra-buena","12":"tag-muelle-storni"},"aioseo_notices":[],"amp_enabled":true,"_links":{"self":[{"href":"https:\/\/partedepesca.com.ar\/d\/wp-json\/wp\/v2\/posts\/3652","targetHints":{"allow":["GET"]}}],"collection":[{"href":"https:\/\/partedepesca.com.ar\/d\/wp-json\/wp\/v2\/posts"}],"about":[{"href":"https:\/\/partedepesca.com.ar\/d\/wp-json\/wp\/v2\/types\/post"}],"author":[{"embeddable":true,"href":"https:\/\/partedepesca.com.ar\/d\/wp-json\/wp\/v2\/users\/3"}],"replies":[{"embeddable":true,"href":"https:\/\/partedepesca.com.ar\/d\/wp-json\/wp\/v2\/comments?post=3652"}],"version-history":[{"count":2,"href":"https:\/\/partedepesca.com.ar\/d\/wp-json\/wp\/v2\/posts\/3652\/revisions"}],"predecessor-version":[{"id":3660,"href":"https:\/\/partedepesca.com.ar\/d\/wp-json\/wp\/v2\/posts\/3652\/revisions\/3660"}],"wp:featuredmedia":[{"embeddable":true,"href":"https:\/\/partedepesca.com.ar\/d\/wp-json\/wp\/v2\/media\/3661"}],"wp:attachment":[{"href":"https:\/\/partedepesca.com.ar\/d\/wp-json\/wp\/v2\/media?parent=3652"}],"wp:term":[{"taxonomy":"category","embeddable":true,"href":"https:\/\/partedepesca.com.ar\/d\/wp-json\/wp\/v2\/categories?post=3652"},{"taxonomy":"post_tag","embeddable":true,"href":"https:\/\/partedepesca.com.ar\/d\/wp-json\/wp\/v2\/tags?post=3652"}],"curies":[{"name":"wp","href":"https:\/\/api.w.org\/{rel}","templated":true}]}}