{"id":3618,"date":"2023-12-01T23:29:46","date_gmt":"2023-12-01T23:29:46","guid":{"rendered":"https:\/\/partedepesca.com.ar\/d\/?p=3618"},"modified":"2023-12-04T09:33:34","modified_gmt":"2023-12-04T09:33:34","slug":"el-vicegobernador-ricardo-sastre-ocuparia-la-cartera-nacional-de-pesca","status":"publish","type":"post","link":"https:\/\/partedepesca.com.ar\/d\/el-vicegobernador-ricardo-sastre-ocuparia-la-cartera-nacional-de-pesca\/","title":{"rendered":"El vicegobernador Ricardo Sastre ocupar\u00eda la cartera nacional de Pesca"},"content":{"rendered":"\n<p>Desde comienzos de semana empez\u00f3 a circular la versi\u00f3n que el actual vicegobernador de Chubut, Ricardo Sastre, podr\u00eda ser el nuevo Subsecretario de Pesca de la Naci\u00f3n, en reemplazo de Carlos Liberman.<\/p>\n\n\n\n<p>Fuentes de irreprochable cr\u00e9dito confirmaron a <strong>PARTE DE PESCA<\/strong> que el ofrecimiento le fue hecho, al dos veces intendente de Puerto Madryn, por parte del gobernador electo Ignacio \u201cNacho\u201d Torres.<\/p>\n\n\n\n<p>Es que en el armado global del equipo de gobierno de La Libertad Avanza, se habr\u00eda definido que el aporte al \u00e1rea nacional de Pesca quede en manos de Chubut, a trav\u00e9s del mandatario electo. En un gesto de reciprocidad, \u201cNacho\u201d Torres incorpor\u00f3 hasta el momento, el menos, a dos libertarios dentro de su futuro gobierno.<\/p>\n\n\n\n<p>La fuente consultada por este medio se\u00f1ala que Ricardo Sastre a\u00fan no respondi\u00f3 al ofrecimiento y lo har\u00eda en el transcurso del fin de semana, por lo que se transitan horas decisivas en torno a la definici\u00f3n de quien ocupar\u00e1 el sill\u00f3n de Paseo Colon 922.<\/p>\n\n\n\n<p>El madrynense tiene 51 a\u00f1os. Fue diputado provincial entre 2007 y 2011. Ejerci\u00f3 como intendente de Puerto Madryn por dos periodos consecutivos desde el 10 de diciembre de 2011 hasta el 10 de diciembre de 2019. En tanto, en 2019 asumi\u00f3 como vicegobernador de Chubut tras haberse impuesto en las elecciones provinciales en el binomio que encabezaba Mariano Arcioni.<\/p>\n\n\n\n<p>Sastre ha mantenido siempre muy buenos v\u00ednculos con la industria pesquera desde hace muchos a\u00f1os; se ha puesto al frente de graves conflictos sociales de la actividad, mediando para lograr la preservaci\u00f3n de la paz social.<\/p>\n\n\n\n<p>Puerto Madryn es el segundo puerto pequero de Argentina, despu\u00e9s de Mar del Plata, y tiene un rol significativo en la industria pesquera, y ser\u00eda la segunda vez que Chubut tiene a un Subsecretario de Pesca de la Naci\u00f3n; el primero fue Norberto Yauhar que a posteriori fue ministro de Agricultura, Ganader\u00eda y Pesca. <\/p>\n\n\n\n<p>En el arranque de la semana pr\u00f3xima finalmente se develar\u00e1 quien toma las riendas de la estrat\u00e9gica cartera. Milei recibe las propuestas y despu\u00e9s junto a la mesa chica, su c\u00edrculo m\u00e1s estrecho, integrado por su hermana Karina, Nicol\u00e1s Posse, Guillermo Francos y Santiago Caputo definen el armado de la cuadr\u00edcula de funcionarios que asumir\u00e1n dentro de una semana.<\/p>\n","protected":false},"excerpt":{"rendered":"<p>Desde comienzos de semana empez\u00f3 a circular la versi\u00f3n que el actual vicegobernador de Chubut, Ricardo Sastre, podr\u00eda ser el nuevo Subsecretario de Pesca de la Naci\u00f3n, en reemplazo de Carlos Liberman. Fuentes de irreprochable cr\u00e9dito confirmaron a PARTE DE PESCA que el ofrecimiento le fue hecho, al dos veces intendente de Puerto Madryn, por<\/p>\n","protected":false},"author":3,"featured_media":2157,"comment_status":"open","ping_status":"open","sticky":false,"template":"","format":"standard","meta":{"om_disable_all_campaigns":false,"_monsterinsights_skip_tracking":false,"_monsterinsights_sitenote_active":false,"_monsterinsights_sitenote_note":"","_monsterinsights_sitenote_category":0,"footnotes":""},"categories":[9],"tags":[91,182,563],"class_list":{"0":"post-3618","1":"post","2":"type-post","3":"status-publish","4":"format-standard","5":"has-post-thumbnail","7":"category-actualidad","8":"tag-featured","9":"tag-ricardo-sastre","10":"tag-subsecretario-de-pesca-de-la-nacion"},"aioseo_notices":[],"amp_enabled":true,"_links":{"self":[{"href":"https:\/\/partedepesca.com.ar\/d\/wp-json\/wp\/v2\/posts\/3618","targetHints":{"allow":["GET"]}}],"collection":[{"href":"https:\/\/partedepesca.com.ar\/d\/wp-json\/wp\/v2\/posts"}],"about":[{"href":"https:\/\/partedepesca.com.ar\/d\/wp-json\/wp\/v2\/types\/post"}],"author":[{"embeddable":true,"href":"https:\/\/partedepesca.com.ar\/d\/wp-json\/wp\/v2\/users\/3"}],"replies":[{"embeddable":true,"href":"https:\/\/partedepesca.com.ar\/d\/wp-json\/wp\/v2\/comments?post=3618"}],"version-history":[{"count":3,"href":"https:\/\/partedepesca.com.ar\/d\/wp-json\/wp\/v2\/posts\/3618\/revisions"}],"predecessor-version":[{"id":3628,"href":"https:\/\/partedepesca.com.ar\/d\/wp-json\/wp\/v2\/posts\/3618\/revisions\/3628"}],"wp:featuredmedia":[{"embeddable":true,"href":"https:\/\/partedepesca.com.ar\/d\/wp-json\/wp\/v2\/media\/2157"}],"wp:attachment":[{"href":"https:\/\/partedepesca.com.ar\/d\/wp-json\/wp\/v2\/media?parent=3618"}],"wp:term":[{"taxonomy":"category","embeddable":true,"href":"https:\/\/partedepesca.com.ar\/d\/wp-json\/wp\/v2\/categories?post=3618"},{"taxonomy":"post_tag","embeddable":true,"href":"https:\/\/partedepesca.com.ar\/d\/wp-json\/wp\/v2\/tags?post=3618"}],"curies":[{"name":"wp","href":"https:\/\/api.w.org\/{rel}","templated":true}]}}