{"id":3604,"date":"2023-11-30T18:12:00","date_gmt":"2023-11-30T18:12:00","guid":{"rendered":"https:\/\/partedepesca.com.ar\/d\/?p=3604"},"modified":"2023-12-01T23:30:31","modified_gmt":"2023-12-01T23:30:31","slug":"un-libertario-asumira-como-subsecretario-de-pesca-de-chubut","status":"publish","type":"post","link":"https:\/\/partedepesca.com.ar\/d\/un-libertario-asumira-como-subsecretario-de-pesca-de-chubut\/","title":{"rendered":"Un libertario asumir\u00e1 como Subsecretario de Pesca de Chubut"},"content":{"rendered":"\n<p>El referente de La Libertad Avanza en Rawson, Diego Brand\u00e1n ser\u00e1 el nuevo Subsecretario de Pesca del Chubut, en el gabinete de Ignacio Torres. El joven fue candidato a intendente de la ciudad Capital por el PLICH y posteriormente llev\u00f3 adelante la campa\u00f1a electoral para diputados Nacionales por LLA de C\u00e9sar Treffinger y Laura Mirantes con un muy buen resultado en esa ciudad.<\/p>\n\n\n\n<p>El dato fue confirmado por el futuro Secretario de Pesca, Andr\u00e9s Arbeletche, tras mantener un encuentro de trabajo junto al titular saliente de la cartera.<\/p>\n\n\n\n<p>\u201cMi agradecimiento al Secretario de Pesca Dr. Gabriel Aguilar por su disposici\u00f3n en el proceso de transici\u00f3n. Me acompa\u00f1a el futuro Subsecretario de Pesca, Diego Brandan, quien pertenece al sector de LLA. Con Diego tenemos gran afinidad ideol\u00f3gica y un mismo plan de trabajo\u201d, precis\u00f3 Arbeletche a trav\u00e9s de la red social X.<\/p>\n\n\n\n<figure class=\"wp-block-image size-large\"><a href=\"https:\/\/partedepesca.com.ar\/d\/wp-content\/uploads\/2023\/11\/RAWSON_PLICH.jpg\"><img fetchpriority=\"high\" decoding=\"async\" width=\"1024\" height=\"414\" src=\"https:\/\/partedepesca.com.ar\/d\/wp-content\/uploads\/2023\/11\/RAWSON_PLICH-1024x414.jpg\" alt=\"\" class=\"wp-image-3607\" srcset=\"https:\/\/partedepesca.com.ar\/d\/wp-content\/uploads\/2023\/11\/RAWSON_PLICH-1024x414.jpg 1024w, https:\/\/partedepesca.com.ar\/d\/wp-content\/uploads\/2023\/11\/RAWSON_PLICH-300x121.jpg 300w, https:\/\/partedepesca.com.ar\/d\/wp-content\/uploads\/2023\/11\/RAWSON_PLICH-768x310.jpg 768w, https:\/\/partedepesca.com.ar\/d\/wp-content\/uploads\/2023\/11\/RAWSON_PLICH-150x61.jpg 150w, https:\/\/partedepesca.com.ar\/d\/wp-content\/uploads\/2023\/11\/RAWSON_PLICH-450x182.jpg 450w, https:\/\/partedepesca.com.ar\/d\/wp-content\/uploads\/2023\/11\/RAWSON_PLICH.jpg 1200w\" sizes=\"(max-width: 1024px) 100vw, 1024px\" \/><\/a><figcaption class=\"wp-element-caption\">Brandan fue candidato a intendente de Rawson en las elecciones de julio pasado.<\/figcaption><\/figure>\n","protected":false},"excerpt":{"rendered":"<p>El referente de La Libertad Avanza en Rawson, Diego Brand\u00e1n ser\u00e1 el nuevo Subsecretario de Pesca del Chubut, en el gabinete de Ignacio Torres. El joven fue candidato a intendente de la ciudad Capital por el PLICH y posteriormente llev\u00f3 adelante la campa\u00f1a electoral para diputados Nacionales por LLA de C\u00e9sar Treffinger y Laura Mirantes<\/p>\n","protected":false},"author":3,"featured_media":3605,"comment_status":"open","ping_status":"open","sticky":false,"template":"","format":"standard","meta":{"om_disable_all_campaigns":false,"_monsterinsights_skip_tracking":false,"_monsterinsights_sitenote_active":false,"_monsterinsights_sitenote_note":"","_monsterinsights_sitenote_category":0,"footnotes":""},"categories":[9],"tags":[420,558,91],"class_list":{"0":"post-3604","1":"post","2":"type-post","3":"status-publish","4":"format-standard","5":"has-post-thumbnail","7":"category-actualidad","8":"tag-andres-arbeletche","9":"tag-diego-brandan","10":"tag-featured"},"aioseo_notices":[],"amp_enabled":true,"_links":{"self":[{"href":"https:\/\/partedepesca.com.ar\/d\/wp-json\/wp\/v2\/posts\/3604","targetHints":{"allow":["GET"]}}],"collection":[{"href":"https:\/\/partedepesca.com.ar\/d\/wp-json\/wp\/v2\/posts"}],"about":[{"href":"https:\/\/partedepesca.com.ar\/d\/wp-json\/wp\/v2\/types\/post"}],"author":[{"embeddable":true,"href":"https:\/\/partedepesca.com.ar\/d\/wp-json\/wp\/v2\/users\/3"}],"replies":[{"embeddable":true,"href":"https:\/\/partedepesca.com.ar\/d\/wp-json\/wp\/v2\/comments?post=3604"}],"version-history":[{"count":3,"href":"https:\/\/partedepesca.com.ar\/d\/wp-json\/wp\/v2\/posts\/3604\/revisions"}],"predecessor-version":[{"id":3609,"href":"https:\/\/partedepesca.com.ar\/d\/wp-json\/wp\/v2\/posts\/3604\/revisions\/3609"}],"wp:featuredmedia":[{"embeddable":true,"href":"https:\/\/partedepesca.com.ar\/d\/wp-json\/wp\/v2\/media\/3605"}],"wp:attachment":[{"href":"https:\/\/partedepesca.com.ar\/d\/wp-json\/wp\/v2\/media?parent=3604"}],"wp:term":[{"taxonomy":"category","embeddable":true,"href":"https:\/\/partedepesca.com.ar\/d\/wp-json\/wp\/v2\/categories?post=3604"},{"taxonomy":"post_tag","embeddable":true,"href":"https:\/\/partedepesca.com.ar\/d\/wp-json\/wp\/v2\/tags?post=3604"}],"curies":[{"name":"wp","href":"https:\/\/api.w.org\/{rel}","templated":true}]}}