{"id":3597,"date":"2023-11-29T01:00:43","date_gmt":"2023-11-29T01:00:43","guid":{"rendered":"https:\/\/partedepesca.com.ar\/d\/?p=3597"},"modified":"2023-11-30T21:01:23","modified_gmt":"2023-11-30T21:01:23","slug":"camaras-empresarias-responsabilizan-al-supa-si-no-se-inicia-la-zafra","status":"publish","type":"post","link":"https:\/\/partedepesca.com.ar\/d\/camaras-empresarias-responsabilizan-al-supa-si-no-se-inicia-la-zafra\/","title":{"rendered":"C\u00e1maras empresarias responsabilizan al SUPA si no se inicia la zafra"},"content":{"rendered":"\n<p>En la noche de este martes tom\u00f3 estado p\u00fablico un comunicado conjunto de las c\u00e1maras empresariales CAFACH, CAPIP y la Asociaci\u00f3n de Pescadores Artesanales de Rawson advirtiendo que \u201cpodr\u00eda no comenzar la temporada de langostino si el SUPA no garantiza la paz social\u201d.<\/p>\n\n\n\n<p>El pronunciamiento se dio luego que el secretario General del SUPA, Alexis Guti\u00e9rrez, en declaraciones a LU20, se\u00f1alara que \u201cno aceptar\u00e1n cobrar por debajo de lo acordado en paritarias\u201d, es decir, con una suba acumulada del 160%.<\/p>\n\n\n\n<p>El l\u00edder del gremio de los estibadores record\u00f3 que ellos firmaron un acuerdo de paz social que es una tregua para que la temporada arranque porque a nadie le conviene los barcos parados, pero interpretan que la salida de las embarcaciones implica que el pago de la descarga se har\u00e1 en base al aumento acordado en paritarias del 160% acumulado y no el 138% como pretenden otras c\u00e1maras. Si no se paga de acuerdo a la paritaria \u201cse hablar\u00e1 en otro idioma\u201d, advirti\u00f3 Guti\u00e9rrez.<\/p>\n\n\n\n<p>Horas m\u00e1s tarde, la flota amarilla, la flota artesanal de Rawson y CAPIP volvieron a poner en dura el inicio de la zafra de langostino. &#8220;No va a comenzar hasta que el SUPA no garantice que contribuye a la paz social. Borran con el codo lo que escribieron con la mano, dan marcha atr\u00e1s y ponen en peligro el inicio de la temporada. Si no est\u00e1n garantizadas las condiciones no vamos a salir a pescar, apelamos a su razonabilidad\u201d, se\u00f1alaron desde esos nucleamientos empresariales.<\/p>\n\n\n\n<p>\u201cNo podemos trabajar sin previsibilidad, si no hay reglas claras no se puede dar comienzo a la zafra, para ello firmamos un acuerdo que garantizaba la operatividad, con el compromiso de acercar las posiciones de todas las partes\u201d, se indic\u00f3 desde CAPIP.<\/p>\n\n\n\n<p>En las mismas declaraciones radiales, el titular del gremio de los estibadores asegur\u00f3 que no hay medida de fuerza alguna por parte de ese sindicato y reiter\u00f3 que garantizan las descargas de los barcos, pero insisti\u00f3 en que la pr\u00f3xima quincena deber\u00e1 ser liquidada con el incremento acumulado del 160%. <\/p>\n\n\n\n<p>Este mi\u00e9rcoles termina la prospecci\u00f3n y la situaci\u00f3n biol\u00f3gica del recurso permitir\u00eda abrir la temporada, pero ahora se abre la inc\u00f3gnita qu\u00e9 har\u00e1 la Secretar\u00eda de Pesca. Langostino hay y en buena cantidad, las tallas comerciales son \u00f3ptimas, los lances no reportaron merluza, por lo que las condiciones est\u00e1n dadas para abrir la pesquer\u00eda, aunque este nuevo cruce abre interrogantes. Pero de mediar la razonabilidad y cordura, diciembre arrancar\u00e1 con la flota pescando.<\/p>\n","protected":false},"excerpt":{"rendered":"<p>En la noche de este martes tom\u00f3 estado p\u00fablico un comunicado conjunto de las c\u00e1maras empresariales CAFACH, CAPIP y la Asociaci\u00f3n de Pescadores Artesanales de Rawson advirtiendo que \u201cpodr\u00eda no comenzar la temporada de langostino si el SUPA no garantiza la paz social\u201d. El pronunciamiento se dio luego que el secretario General del SUPA, Alexis<\/p>\n","protected":false},"author":3,"featured_media":3598,"comment_status":"open","ping_status":"open","sticky":false,"template":"","format":"standard","meta":{"om_disable_all_campaigns":false,"_monsterinsights_skip_tracking":false,"_monsterinsights_sitenote_active":false,"_monsterinsights_sitenote_note":"","_monsterinsights_sitenote_category":0,"footnotes":""},"categories":[9],"tags":[91,411,499,299],"class_list":{"0":"post-3597","1":"post","2":"type-post","3":"status-publish","4":"format-standard","5":"has-post-thumbnail","7":"category-actualidad","8":"tag-featured","9":"tag-flota-amarilla","10":"tag-supa","11":"tag-temporada-de-langostino"},"aioseo_notices":[],"amp_enabled":true,"_links":{"self":[{"href":"https:\/\/partedepesca.com.ar\/d\/wp-json\/wp\/v2\/posts\/3597","targetHints":{"allow":["GET"]}}],"collection":[{"href":"https:\/\/partedepesca.com.ar\/d\/wp-json\/wp\/v2\/posts"}],"about":[{"href":"https:\/\/partedepesca.com.ar\/d\/wp-json\/wp\/v2\/types\/post"}],"author":[{"embeddable":true,"href":"https:\/\/partedepesca.com.ar\/d\/wp-json\/wp\/v2\/users\/3"}],"replies":[{"embeddable":true,"href":"https:\/\/partedepesca.com.ar\/d\/wp-json\/wp\/v2\/comments?post=3597"}],"version-history":[{"count":2,"href":"https:\/\/partedepesca.com.ar\/d\/wp-json\/wp\/v2\/posts\/3597\/revisions"}],"predecessor-version":[{"id":3600,"href":"https:\/\/partedepesca.com.ar\/d\/wp-json\/wp\/v2\/posts\/3597\/revisions\/3600"}],"wp:featuredmedia":[{"embeddable":true,"href":"https:\/\/partedepesca.com.ar\/d\/wp-json\/wp\/v2\/media\/3598"}],"wp:attachment":[{"href":"https:\/\/partedepesca.com.ar\/d\/wp-json\/wp\/v2\/media?parent=3597"}],"wp:term":[{"taxonomy":"category","embeddable":true,"href":"https:\/\/partedepesca.com.ar\/d\/wp-json\/wp\/v2\/categories?post=3597"},{"taxonomy":"post_tag","embeddable":true,"href":"https:\/\/partedepesca.com.ar\/d\/wp-json\/wp\/v2\/tags?post=3597"}],"curies":[{"name":"wp","href":"https:\/\/api.w.org\/{rel}","templated":true}]}}