{"id":3565,"date":"2023-11-24T18:13:32","date_gmt":"2023-11-24T18:13:32","guid":{"rendered":"https:\/\/partedepesca.com.ar\/d\/?p=3565"},"modified":"2023-11-27T07:21:50","modified_gmt":"2023-11-27T07:21:50","slug":"luis-dante-giorgetti-el-primer-inscripto-en-el-registro-de-rederos","status":"publish","type":"post","link":"https:\/\/partedepesca.com.ar\/d\/luis-dante-giorgetti-el-primer-inscripto-en-el-registro-de-rederos\/","title":{"rendered":"Luis Dante Giorgetti, el primer inscripto en el \u2018Registro de Rederos\u2019"},"content":{"rendered":"\n<p>Con el objetivo de mitigar el impacto de materiales sint\u00e9ticos introducidos a la biodiversidad marina por la actividad pesquera, la Subsecretar\u00eda de Pesca y Acuicultura de la Naci\u00f3n, a trav\u00e9s de su Direcci\u00f3n Nacional de Coordinaci\u00f3n y Fiscalizaci\u00f3n Pesquera, impuls\u00f3 de modo testeo el registro de Rederos y Rederas para que puedan volcar la informaci\u00f3n de los c\u00f3digos e identificaci\u00f3n de los equipos de pesca y poder hacer un seguimiento de los mismos.<\/p>\n\n\n\n<p>El primer inscripto fue Luis Dante Giorgetti, uno de los precursores del oficio en nuestro pa\u00eds, y quien colabor\u00f3 activamente en el desarrollo talleres de capacitaci\u00f3n, proyectos de Disposici\u00f3n y discusiones sobre la implementaci\u00f3n de nuevos modelos de dispositivos de selectividad. Actualmente hay en total cuatro inscriptos y se cuenta con 2 buques pesqueros, uno en Mar del Plata y otro en Puerto Madryn, con los que se est\u00e1 evaluando las mencionadas marcaciones.<\/p>\n\n\n\n<p>Cabe recordar que, mediante el dictado de la Disposici\u00f3n DNCYFP N\u00b0 4\/2023, se estableci\u00f3 que todo Buque Arrastrero debe identificar los aparejos de pesca para ser despachado en jurisdicci\u00f3n nacional. Ello permite contar con datos fehacientes sobre la procedencia de estos elementos dado que son informados por los rederos y rederas, quienes as\u00ed permiten, habilitar los c\u00f3digos de identificaci\u00f3n de los equipos de pesca activos y registrar las bajas ante dicho sistema, entre otras funciones.<\/p>\n\n\n\n<p>Actualmente, diversos armadores est\u00e1n comenzando a realizar el marcado de las artes de pesca con arreglo a la precitada Disposici\u00f3n. Podemos mencionar a los BP \u201cFranca\u201d que opera al fresco y dedica sus capturas prioritariamente a las especies que componen el Variado Costero y al BP \u201cVirgen Mar\u00eda\u201d tambi\u00e9n de operatoria fresquera pero que dirige sus capturas a la especie Merluza Hubbsi.<\/p>\n\n\n\n<figure class=\"wp-block-image size-large\"><a href=\"https:\/\/partedepesca.com.ar\/d\/wp-content\/uploads\/2023\/11\/Marcado-de-artes-de-pesca-en-el-BP-franca-2.jpeg\"><img fetchpriority=\"high\" decoding=\"async\" width=\"1024\" height=\"768\" src=\"https:\/\/partedepesca.com.ar\/d\/wp-content\/uploads\/2023\/11\/Marcado-de-artes-de-pesca-en-el-BP-franca-2-1024x768.jpeg\" alt=\"\" class=\"wp-image-3566\" srcset=\"https:\/\/partedepesca.com.ar\/d\/wp-content\/uploads\/2023\/11\/Marcado-de-artes-de-pesca-en-el-BP-franca-2-1024x768.jpeg 1024w, https:\/\/partedepesca.com.ar\/d\/wp-content\/uploads\/2023\/11\/Marcado-de-artes-de-pesca-en-el-BP-franca-2-300x225.jpeg 300w, https:\/\/partedepesca.com.ar\/d\/wp-content\/uploads\/2023\/11\/Marcado-de-artes-de-pesca-en-el-BP-franca-2-768x576.jpeg 768w, https:\/\/partedepesca.com.ar\/d\/wp-content\/uploads\/2023\/11\/Marcado-de-artes-de-pesca-en-el-BP-franca-2-150x113.jpeg 150w, https:\/\/partedepesca.com.ar\/d\/wp-content\/uploads\/2023\/11\/Marcado-de-artes-de-pesca-en-el-BP-franca-2-450x338.jpeg 450w, https:\/\/partedepesca.com.ar\/d\/wp-content\/uploads\/2023\/11\/Marcado-de-artes-de-pesca-en-el-BP-franca-2-1200x900.jpeg 1200w, https:\/\/partedepesca.com.ar\/d\/wp-content\/uploads\/2023\/11\/Marcado-de-artes-de-pesca-en-el-BP-franca-2.jpeg 1280w\" sizes=\"(max-width: 1024px) 100vw, 1024px\" \/><\/a><\/figure>\n\n\n\n<p>El Director Nacional de Coordinaci\u00f3n y Fiscalizaci\u00f3n Pesquera, Dr. Juli\u00e1n Su\u00e1rez sostuvo que \u201cla contribuci\u00f3n de estos profesionales fue, es y ser\u00e1 medular para el desarrollo de la actividad pesquera. Es por eso que, a partir de la Disposici\u00f3n, que estar\u00e1 pr\u00f3xima a salir, queremos impulsar su visibilidad mediante su registraci\u00f3n ante la Autoridad de Aplicaci\u00f3n del R\u00e9gimen Federal de Pesca. Conoc\u00ed al Maestro Redero, Sr. Luis Dante Giorgetti, en diciembre de 2020 en Puerto Madryn quien gentilmente me invit\u00f3 a visitar su taller junto a Autoridades de la UTN de Chubut. Poder ser part\u00edcipe de este hecho hist\u00f3rico y que justamente \u00e9l sea el primer inscripto es un orgullo y un ejemplo de perseverancia y vocaci\u00f3n por el oficio\u201d, subray\u00f3 el funcionario.<\/p>\n\n\n\n<p>Su\u00e1rez record\u00f3 que desde 2022 \u201cconvocamos a mesas trabajo en Chubut y Provincia de Buenos Aires con distintos actores del sector para poder generar un di\u00e1logo democr\u00e1tico que permita efectuar propuestas y receptar las consideraciones e inquietudes todos los participantes. De esta manera, pudimos elaborar un sistema de marcado de aparejos de pesca, adaptado a la situaci\u00f3n particular que presenta cada aparejo utilizado por la flota nacional, los materiales que los componen, su vida \u00fatil, y la din\u00e1mica de fabricaci\u00f3n de las artes con sus correspondientes actores, como son los fabricantes, proveedores, rederos, armadores, capitanes, y recicladores, entre otros. Avanzar sobre la trazabilidad de las artes de pesca resulta imperioso para la administraci\u00f3n pesquera nacional y para ello, deb\u00edamos reconocer la voz y el voto de las y los rederos\u201d, se\u00f1al\u00f3.<\/p>\n","protected":false},"excerpt":{"rendered":"<p>Con el objetivo de mitigar el impacto de materiales sint\u00e9ticos introducidos a la biodiversidad marina por la actividad pesquera, la Subsecretar\u00eda de Pesca y Acuicultura de la Naci\u00f3n, a trav\u00e9s de su Direcci\u00f3n Nacional de Coordinaci\u00f3n y Fiscalizaci\u00f3n Pesquera, impuls\u00f3 de modo testeo el registro de Rederos y Rederas para que puedan volcar la informaci\u00f3n<\/p>\n","protected":false},"author":3,"featured_media":3567,"comment_status":"open","ping_status":"open","sticky":false,"template":"","format":"standard","meta":{"om_disable_all_campaigns":false,"_monsterinsights_skip_tracking":false,"_monsterinsights_sitenote_active":false,"_monsterinsights_sitenote_note":"","_monsterinsights_sitenote_category":0,"footnotes":""},"categories":[9],"tags":[91,542,543,544],"class_list":{"0":"post-3565","1":"post","2":"type-post","3":"status-publish","4":"format-standard","5":"has-post-thumbnail","7":"category-actualidad","8":"tag-featured","9":"tag-luis-dante-giorgetti","10":"tag-registro-de-rederos-y-rederas","11":"tag-subsecretaria-de-pesca-de-la-nacion"},"aioseo_notices":[],"amp_enabled":true,"_links":{"self":[{"href":"https:\/\/partedepesca.com.ar\/d\/wp-json\/wp\/v2\/posts\/3565","targetHints":{"allow":["GET"]}}],"collection":[{"href":"https:\/\/partedepesca.com.ar\/d\/wp-json\/wp\/v2\/posts"}],"about":[{"href":"https:\/\/partedepesca.com.ar\/d\/wp-json\/wp\/v2\/types\/post"}],"author":[{"embeddable":true,"href":"https:\/\/partedepesca.com.ar\/d\/wp-json\/wp\/v2\/users\/3"}],"replies":[{"embeddable":true,"href":"https:\/\/partedepesca.com.ar\/d\/wp-json\/wp\/v2\/comments?post=3565"}],"version-history":[{"count":1,"href":"https:\/\/partedepesca.com.ar\/d\/wp-json\/wp\/v2\/posts\/3565\/revisions"}],"predecessor-version":[{"id":3568,"href":"https:\/\/partedepesca.com.ar\/d\/wp-json\/wp\/v2\/posts\/3565\/revisions\/3568"}],"wp:featuredmedia":[{"embeddable":true,"href":"https:\/\/partedepesca.com.ar\/d\/wp-json\/wp\/v2\/media\/3567"}],"wp:attachment":[{"href":"https:\/\/partedepesca.com.ar\/d\/wp-json\/wp\/v2\/media?parent=3565"}],"wp:term":[{"taxonomy":"category","embeddable":true,"href":"https:\/\/partedepesca.com.ar\/d\/wp-json\/wp\/v2\/categories?post=3565"},{"taxonomy":"post_tag","embeddable":true,"href":"https:\/\/partedepesca.com.ar\/d\/wp-json\/wp\/v2\/tags?post=3565"}],"curies":[{"name":"wp","href":"https:\/\/api.w.org\/{rel}","templated":true}]}}