{"id":3561,"date":"2023-11-23T02:33:15","date_gmt":"2023-11-23T02:33:15","guid":{"rendered":"https:\/\/partedepesca.com.ar\/d\/?p=3561"},"modified":"2023-11-24T18:13:55","modified_gmt":"2023-11-24T18:13:55","slug":"dos-oferentes-se-presentaron-para-el-dragado-del-puerto-de-comodoro","status":"publish","type":"post","link":"https:\/\/partedepesca.com.ar\/d\/dos-oferentes-se-presentaron-para-el-dragado-del-puerto-de-comodoro\/","title":{"rendered":"Dos oferentes se presentaron para el dragado del puerto de Comodoro"},"content":{"rendered":"\n<p>Este mi\u00e9rcoles se realiz\u00f3 la apertura de sobres de la licitaci\u00f3n de la obra &#8220;Dragado del Puerto de Comodoro Rivadavia&#8221; y se presentaron dos ofertas correspondientes a las empresas son Dragados Argentinos S.A. (DASA) y Compa\u00f1\u00eda Sud Americana de Dragados S.A.<\/p>\n\n\n\n<p>En el acto de apertura de sobres estuvieron presentes el Gerente General y apoderado de DASA, Marco del Giudice, y el Representante T\u00e9cnico y Vicepresidente de Compa\u00f1\u00eda Sud Americana de Dragados S.A., Marcelo Persichini.<\/p>\n\n\n\n<p>El Administrador Portuario, Dr. Favio Cambareri, explic\u00f3 que &#8220;luego de la apertura de sobres, hay una comisi\u00f3n de preadjudicaci\u00f3n que deber\u00e1 expedirse en un plazo m\u00e1ximo de 10 d\u00edas y, una vez que se formalice el dictamen de preadjuciaci\u00f3n, se remitir\u00e1 el expediente al Tribunal de Cuentas provincial donde se controlar\u00e1 todo este procedimiento&#8221;.<\/p>\n\n\n\n<p>En el caso de ser aprobado, el dictamen volver\u00e1 a la Administraci\u00f3n Portuaria para formalizar la adjudicaci\u00f3n y el contrato de la obra, lo cual ocurrir\u00eda tras el recambio institucional del 10 de diciembre. Cambareri estima que la obra se iniciar\u00e1 a comienzos del a\u00f1o que viene.<\/p>\n\n\n\n<p>La obra, presupuestada en 3.831.420 d\u00f3lares m\u00e1s IVA, consiste en el dragado del Antepuerto y Hoya del muelle de Ultramar. El plazo de ejecuci\u00f3n es de 60 d\u00edas corridos. Los trabajos se llevar\u00e1n a cabo con fondos propios de la Administraci\u00f3n Portuaria, producto de la gesti\u00f3n superavitaria. Cambareri se\u00f1al\u00f3 que &#8220;es la primera vez que el puerto puede realizar una obra de esta envergadura con fondos propios&#8221;.<\/p>\n\n\n\n<p>\u201cLa obra le permitir\u00e1 al puerto ampliar su operatividad para que puedan ingresar buques de mediano y gran porte\u201d, destac\u00f3 Cambarero al evaluar que el dragado le permitir\u00e1 al puerto estar en condiciones para futuros proyectos.<\/p>\n\n\n\n<figure class=\"wp-block-image size-large\"><a href=\"https:\/\/partedepesca.com.ar\/d\/wp-content\/uploads\/2023\/11\/licitacion-dragado-puerto-cr-2.jpg\"><img fetchpriority=\"high\" decoding=\"async\" width=\"1024\" height=\"576\" src=\"https:\/\/partedepesca.com.ar\/d\/wp-content\/uploads\/2023\/11\/licitacion-dragado-puerto-cr-2-1024x576.jpg\" alt=\"\" class=\"wp-image-3563\" srcset=\"https:\/\/partedepesca.com.ar\/d\/wp-content\/uploads\/2023\/11\/licitacion-dragado-puerto-cr-2-1024x576.jpg 1024w, https:\/\/partedepesca.com.ar\/d\/wp-content\/uploads\/2023\/11\/licitacion-dragado-puerto-cr-2-300x169.jpg 300w, https:\/\/partedepesca.com.ar\/d\/wp-content\/uploads\/2023\/11\/licitacion-dragado-puerto-cr-2-768x432.jpg 768w, https:\/\/partedepesca.com.ar\/d\/wp-content\/uploads\/2023\/11\/licitacion-dragado-puerto-cr-2-1536x864.jpg 1536w, https:\/\/partedepesca.com.ar\/d\/wp-content\/uploads\/2023\/11\/licitacion-dragado-puerto-cr-2-150x84.jpg 150w, https:\/\/partedepesca.com.ar\/d\/wp-content\/uploads\/2023\/11\/licitacion-dragado-puerto-cr-2-450x253.jpg 450w, https:\/\/partedepesca.com.ar\/d\/wp-content\/uploads\/2023\/11\/licitacion-dragado-puerto-cr-2-1200x675.jpg 1200w, https:\/\/partedepesca.com.ar\/d\/wp-content\/uploads\/2023\/11\/licitacion-dragado-puerto-cr-2.jpg 1600w\" sizes=\"(max-width: 1024px) 100vw, 1024px\" \/><\/a><\/figure>\n\n\n\n<p>El material extra\u00eddo ser\u00e1 transportado por las embarcaciones encargadas de efectuar el dragado y descargado en el mar, en aguas abiertas, en un \u00e1rea definida en el Golfo San Jorge a unos 6 km de distancia de la escollera del puerto. El lugar donde se volcar\u00e1 el material extra\u00eddo (refulado), es una cuadr\u00edcula de 800 x 800 metros que ser\u00e1 monitoreada satelitalmente.<\/p>\n\n\n\n<p>La profundidad que se pretende alcanzar durante las tareas de dragado ser\u00e1 de -7,40 metros en la zona de maniobras y un nivel de -10 metros respecto al cero local MOP (profundidad por debajo del nivel medio del mar). Se dragar\u00e1 un volumen de aproximadamente 255 mil metros c\u00fabicos de sedimentos, unas 5 veces el volumen del proyecto previamente considerado. Adem\u00e1s, se contar\u00eda con un \u00e1rea buffer de sedimentaci\u00f3n que espaciar\u00eda m\u00e1s el pr\u00f3ximo dragado de mantenimiento.<\/p>\n","protected":false},"excerpt":{"rendered":"<p>Este mi\u00e9rcoles se realiz\u00f3 la apertura de sobres de la licitaci\u00f3n de la obra &#8220;Dragado del Puerto de Comodoro Rivadavia&#8221; y se presentaron dos ofertas correspondientes a las empresas son Dragados Argentinos S.A. (DASA) y Compa\u00f1\u00eda Sud Americana de Dragados S.A. En el acto de apertura de sobres estuvieron presentes el Gerente General y apoderado<\/p>\n","protected":false},"author":3,"featured_media":3562,"comment_status":"open","ping_status":"open","sticky":false,"template":"","format":"standard","meta":{"om_disable_all_campaigns":false,"_monsterinsights_skip_tracking":false,"_monsterinsights_sitenote_active":false,"_monsterinsights_sitenote_note":"","_monsterinsights_sitenote_category":0,"footnotes":""},"categories":[9],"tags":[541,539,540,91],"class_list":{"0":"post-3561","1":"post","2":"type-post","3":"status-publish","4":"format-standard","5":"has-post-thumbnail","7":"category-actualidad","8":"tag-compania-sud-americana-de-dragados","9":"tag-dragado-puerto-comodoro-rivadavia","10":"tag-dragados-argentinos-s-a","11":"tag-featured"},"aioseo_notices":[],"amp_enabled":true,"_links":{"self":[{"href":"https:\/\/partedepesca.com.ar\/d\/wp-json\/wp\/v2\/posts\/3561","targetHints":{"allow":["GET"]}}],"collection":[{"href":"https:\/\/partedepesca.com.ar\/d\/wp-json\/wp\/v2\/posts"}],"about":[{"href":"https:\/\/partedepesca.com.ar\/d\/wp-json\/wp\/v2\/types\/post"}],"author":[{"embeddable":true,"href":"https:\/\/partedepesca.com.ar\/d\/wp-json\/wp\/v2\/users\/3"}],"replies":[{"embeddable":true,"href":"https:\/\/partedepesca.com.ar\/d\/wp-json\/wp\/v2\/comments?post=3561"}],"version-history":[{"count":1,"href":"https:\/\/partedepesca.com.ar\/d\/wp-json\/wp\/v2\/posts\/3561\/revisions"}],"predecessor-version":[{"id":3564,"href":"https:\/\/partedepesca.com.ar\/d\/wp-json\/wp\/v2\/posts\/3561\/revisions\/3564"}],"wp:featuredmedia":[{"embeddable":true,"href":"https:\/\/partedepesca.com.ar\/d\/wp-json\/wp\/v2\/media\/3562"}],"wp:attachment":[{"href":"https:\/\/partedepesca.com.ar\/d\/wp-json\/wp\/v2\/media?parent=3561"}],"wp:term":[{"taxonomy":"category","embeddable":true,"href":"https:\/\/partedepesca.com.ar\/d\/wp-json\/wp\/v2\/categories?post=3561"},{"taxonomy":"post_tag","embeddable":true,"href":"https:\/\/partedepesca.com.ar\/d\/wp-json\/wp\/v2\/tags?post=3561"}],"curies":[{"name":"wp","href":"https:\/\/api.w.org\/{rel}","templated":true}]}}